{"id":110665,"date":"2017-04-06T00:09:01","date_gmt":"2017-04-06T03:09:01","guid":{"rendered":"https:\/\/www.redenoticia.com.br\/noticia\/?p=110665"},"modified":"2017-04-05T16:43:21","modified_gmt":"2017-04-05T19:43:21","slug":"inflacao-para-familias-com-renda-ate-25-salarios-minimos-e-de-424-em-12-meses","status":"publish","type":"post","link":"https:\/\/www.redenoticia.com.br\/noticia\/2017\/inflacao-para-familias-com-renda-ate-25-salarios-minimos-e-de-424-em-12-meses\/110665","title":{"rendered":"Infla\u00e7\u00e3o para fam\u00edlias com renda at\u00e9 2,5 sal\u00e1rios m\u00ednimos \u00e9 de 4,24% em 12 meses"},"content":{"rendered":"<p> Em todo o pa\u00eds, o <strong><em>\u00cdndice de Pre\u00e7os ao Consumidor<\/em><\/strong> &#8211; Classe 1 (IPC-C1), que mede a infla\u00e7\u00e3o para fam\u00edlias com renda at\u00e9 2,5 sal\u00e1rios m\u00ednimos, ficou em 0,56% em mar\u00e7o. A taxa \u00e9 superior ao 0,07% de fevereiro. Segundo a Funda\u00e7\u00e3o Getulio Vargas (FGV), o IPC-C1 acumula taxas de 1,18% no ano e 4,24% em 12 meses.<\/p>\n<p>A taxa do IPC-C1 em mar\u00e7o ficou abaixo do \u00cdndice de Pre\u00e7os ao Consumidor \u2013 Brasil (IPC-BR), que mede a infla\u00e7\u00e3o para todas as faixas de renda e que ficou em 0,47% naquele m\u00eas. No acumulado de 12 meses, no entanto, a taxa do IPC-C1 ficou abaixo dos 4,55% do IPC-BR.<\/p>\n<p>Pre\u00e7os de alimentos sobem<\/p>\n<p>O avan\u00e7o do IPC-C1 entre fevereiro e mar\u00e7o foi impulsionado por acr\u00e9scimos nas taxas de cinco das oito classes de despesa que comp\u00f5em o \u00edndice, com destaque para alimenta\u00e7\u00e3o, que passou de uma defla\u00e7\u00e3o (queda de pre\u00e7os) de 0,45% para uma infla\u00e7\u00e3o de 0,60%, e para habita\u00e7\u00e3o, cuja taxa cresceu de 0,27% para 1,22%.<\/p>\n<p>Tamb\u00e9m tiveram alta na taxa do IPC-C1, as classes de despesa sa\u00fade e cuidados pessoais (de 0,32% para 0,61%), vestu\u00e1rio (de -0,37% para 0,11%) e despesas diversas (de 0,36% para 1,01%).<\/p>\n<p>Tr\u00eas classes de despesa tiveram queda na taxa: transportes (de 0,72% para -0,15%), comunica\u00e7\u00e3o (de -0,02% para -1,53%) e educa\u00e7\u00e3o, leitura e recrea\u00e7\u00e3o (de 0,67% para -0,19%).<\/p>\n<p>Vitor Abdala &#8211; Rep\u00f3rter da Ag\u00eancia Brasil<br \/>\nEdi\u00e7\u00e3o: Kleber Sampaio<br \/>\n06\/04\/2017<\/p>\n","protected":false},"excerpt":{"rendered":"<p>Em todo o pa\u00eds, o \u00cdndice de Pre\u00e7os ao Consumidor &#8211; Classe 1 (IPC-C1), que mede a infla\u00e7\u00e3o para fam\u00edlias com renda at\u00e9 2,5 sal\u00e1rios m\u00ednimos, ficou em 0,56% em mar\u00e7o. A taxa \u00e9 superior ao 0,07% de fevereiro. Segundo a Funda\u00e7\u00e3o Getulio Vargas (FGV), o IPC-C1 acumula taxas de 1,18% no ano e 4,24% [&hellip;]<\/p>\n","protected":false},"author":2,"featured_media":34916,"comment_status":"open","ping_status":"closed","sticky":false,"template":"","format":"standard","meta":{"_genesis_hide_title":false,"_genesis_hide_breadcrumbs":false,"_genesis_hide_singular_image":false,"_genesis_hide_footer_widgets":false,"_genesis_custom_body_class":"","_genesis_custom_post_class":"","_genesis_layout":"","_jetpack_memberships_contains_paid_content":false,"footnotes":""},"categories":[22,7],"tags":[],"class_list":{"0":"post-110665","1":"post","2":"type-post","3":"status-publish","4":"format-standard","5":"has-post-thumbnail","7":"category-brasil","8":"category-economia","9":"entry","10":"gs-1","11":"gs-odd","12":"gs-even","13":"gs-featured-content-entry"},"jetpack_featured_media_url":"https:\/\/www.redenoticia.com.br\/noticia\/imagens\/inflacao.jpg","jetpack_sharing_enabled":true,"jetpack_likes_enabled":true,"_links":{"self":[{"href":"https:\/\/www.redenoticia.com.br\/noticia\/wp-json\/wp\/v2\/posts\/110665","targetHints":{"allow":["GET"]}}],"collection":[{"href":"https:\/\/www.redenoticia.com.br\/noticia\/wp-json\/wp\/v2\/posts"}],"about":[{"href":"https:\/\/www.redenoticia.com.br\/noticia\/wp-json\/wp\/v2\/types\/post"}],"author":[{"embeddable":true,"href":"https:\/\/www.redenoticia.com.br\/noticia\/wp-json\/wp\/v2\/users\/2"}],"replies":[{"embeddable":true,"href":"https:\/\/www.redenoticia.com.br\/noticia\/wp-json\/wp\/v2\/comments?post=110665"}],"version-history":[{"count":0,"href":"https:\/\/www.redenoticia.com.br\/noticia\/wp-json\/wp\/v2\/posts\/110665\/revisions"}],"wp:featuredmedia":[{"embeddable":true,"href":"https:\/\/www.redenoticia.com.br\/noticia\/wp-json\/wp\/v2\/media\/34916"}],"wp:attachment":[{"href":"https:\/\/www.redenoticia.com.br\/noticia\/wp-json\/wp\/v2\/media?parent=110665"}],"wp:term":[{"taxonomy":"category","embeddable":true,"href":"https:\/\/www.redenoticia.com.br\/noticia\/wp-json\/wp\/v2\/categories?post=110665"},{"taxonomy":"post_tag","embeddable":true,"href":"https:\/\/www.redenoticia.com.br\/noticia\/wp-json\/wp\/v2\/tags?post=110665"}],"curies":[{"name":"wp","href":"https:\/\/api.w.org\/{rel}","templated":true}]}}