{"id":110661,"date":"2017-04-06T00:07:01","date_gmt":"2017-04-06T03:07:01","guid":{"rendered":"https:\/\/www.redenoticia.com.br\/noticia\/?p=110661"},"modified":"2017-04-05T16:37:53","modified_gmt":"2017-04-05T19:37:53","slug":"sebrae-diz-que-47-dos-empreendedores-nao-pensam-em-se-aposentar","status":"publish","type":"post","link":"https:\/\/www.redenoticia.com.br\/noticia\/2017\/sebrae-diz-que-47-dos-empreendedores-nao-pensam-em-se-aposentar\/110661","title":{"rendered":"Sebrae diz que 47% dos empreendedores n\u00e3o pensam em se aposentar"},"content":{"rendered":"<p> Uma pesquisa do Servi\u00e7o Brasileiro de Apoio \u00e0s Micro e Pequenas Empresas (Sebrae) mostrou que 47% dos donos de pequenos neg\u00f3cios est\u00e3o mais preocupados em tocar a empresa do que em se <strong><em>aposentar<\/em><\/strong>. Para a institui\u00e7\u00e3o, a crise pode ser um dos fatores que influenciaram o resultado.<\/p>\n<p>\u201cEles est\u00e3o se preparando para continuar trabalhando. Mesmo se tiver aposentadoria, eles v\u00e3o continuar empreendendo. Quantas pessoas mais velhas n\u00e3o vemos atr\u00e1s de um balc\u00e3o ou de um caixa?\u201d, disse o presidente do Sebrae, Guilherme Afif Domingos. Segundo Afif, h\u00e1 empreendedores com 80 anos que continuam trabalhando, dependendo do estado de sa\u00fade. J\u00e1 45% dos empreendedores pensam em se aposentar algum dia e 8% j\u00e1 s\u00e3o aposentados.<\/p>\n<p>Entre os que planejam parar, 57% consideram que depender\u00e3o do Instituto Nacional do Seguro Social (INSS). A aposentadoria privada \u00e9 vista como fonte de renda para 19% dos entrevistados. Mais 18% acreditam que os investimentos pr\u00f3prios ser\u00e3o suficientes para seu sustento.<\/p>\n<p>De acordo com a pesquisa, os microempreendedores individuais (MEI) s\u00e3o os que mais esperam receber a aposentadoria do INSS, 61% da categoria. \u201cEle entrou [no mercado] como MEI por causa da aposentadoria\u201d, disse. Para o Sebrae, a possibilidade de ser um segurado da Previd\u00eancia Social \u00e9 um est\u00edmulo para esses empreendedores \u2013 que faturam at\u00e9 R$ 60 mil por ano \u2013 se formalizarem.<\/p>\n<p>O trabalhador informal que se torna um MEI legalizado \u00e9 enquadrado no Simples Nacional e fica isento dos tributos federais, como os impostos de Renda e Sobre Produtos Industrializados (IPI), Programa de Integra\u00e7\u00e7ao Social (PIS) e as contribui\u00e7\u00f5es para o Financiamento da Seguridade Social (Cofins)  e Social sobre o Lucro L\u00edquido (CSLL). Ele paga apenas um valor fixo mensal para ter acesso a benef\u00edcios como os aux\u00edlios-maternidade e doen\u00e7a e a aposentadoria.<\/p>\n<p>Andreia Verd\u00e9lio &#8211; Rep\u00f3rter da Ag\u00eancia Brasil<br \/>\nEdi\u00e7\u00e3o: Gra\u00e7a Adjuto<br \/>\n06\/04\/2017<\/p>\n","protected":false},"excerpt":{"rendered":"<p>Uma pesquisa do Servi\u00e7o Brasileiro de Apoio \u00e0s Micro e Pequenas Empresas (Sebrae) mostrou que 47% dos donos de pequenos neg\u00f3cios est\u00e3o mais preocupados em tocar a empresa do que em se aposentar. Para a institui\u00e7\u00e3o, a crise pode ser um dos fatores que influenciaram o resultado. \u201cEles est\u00e3o se preparando para continuar trabalhando. Mesmo [&hellip;]<\/p>\n","protected":false},"author":2,"featured_media":57585,"comment_status":"open","ping_status":"closed","sticky":false,"template":"","format":"standard","meta":{"_genesis_hide_title":false,"_genesis_hide_breadcrumbs":false,"_genesis_hide_singular_image":false,"_genesis_hide_footer_widgets":false,"_genesis_custom_body_class":"","_genesis_custom_post_class":"","_genesis_layout":"","_jetpack_memberships_contains_paid_content":false,"footnotes":""},"categories":[22,7],"tags":[],"class_list":{"0":"post-110661","1":"post","2":"type-post","3":"status-publish","4":"format-standard","5":"has-post-thumbnail","7":"category-brasil","8":"category-economia","9":"entry","10":"gs-1","11":"gs-odd","12":"gs-even","13":"gs-featured-content-entry"},"jetpack_featured_media_url":"https:\/\/www.redenoticia.com.br\/noticia\/imagens\/analise-economia.jpg","jetpack_sharing_enabled":true,"jetpack_likes_enabled":true,"_links":{"self":[{"href":"https:\/\/www.redenoticia.com.br\/noticia\/wp-json\/wp\/v2\/posts\/110661","targetHints":{"allow":["GET"]}}],"collection":[{"href":"https:\/\/www.redenoticia.com.br\/noticia\/wp-json\/wp\/v2\/posts"}],"about":[{"href":"https:\/\/www.redenoticia.com.br\/noticia\/wp-json\/wp\/v2\/types\/post"}],"author":[{"embeddable":true,"href":"https:\/\/www.redenoticia.com.br\/noticia\/wp-json\/wp\/v2\/users\/2"}],"replies":[{"embeddable":true,"href":"https:\/\/www.redenoticia.com.br\/noticia\/wp-json\/wp\/v2\/comments?post=110661"}],"version-history":[{"count":0,"href":"https:\/\/www.redenoticia.com.br\/noticia\/wp-json\/wp\/v2\/posts\/110661\/revisions"}],"wp:featuredmedia":[{"embeddable":true,"href":"https:\/\/www.redenoticia.com.br\/noticia\/wp-json\/wp\/v2\/media\/57585"}],"wp:attachment":[{"href":"https:\/\/www.redenoticia.com.br\/noticia\/wp-json\/wp\/v2\/media?parent=110661"}],"wp:term":[{"taxonomy":"category","embeddable":true,"href":"https:\/\/www.redenoticia.com.br\/noticia\/wp-json\/wp\/v2\/categories?post=110661"},{"taxonomy":"post_tag","embeddable":true,"href":"https:\/\/www.redenoticia.com.br\/noticia\/wp-json\/wp\/v2\/tags?post=110661"}],"curies":[{"name":"wp","href":"https:\/\/api.w.org\/{rel}","templated":true}]}}