{"id":110659,"date":"2017-04-06T00:06:06","date_gmt":"2017-04-06T03:06:06","guid":{"rendered":"https:\/\/www.redenoticia.com.br\/noticia\/?p=110659"},"modified":"2017-04-05T16:36:55","modified_gmt":"2017-04-05T19:36:55","slug":"va-de-expresso-turistico-a-festa-japonesa-em-mogi-das-cruzessp","status":"publish","type":"post","link":"https:\/\/www.redenoticia.com.br\/noticia\/2017\/va-de-expresso-turistico-a-festa-japonesa-em-mogi-das-cruzessp\/110659","title":{"rendered":"V\u00e1 de Expresso Tur\u00edstico \u00e0 festa japonesa em Mogi das Cruzes\/SP"},"content":{"rendered":"<p> Que tal aproveitar o fim de semana em uma\u00a0cidade hist\u00f3rica, conhecendo melhor a cultura japonesa e ainda por cima\u00a0a bordo de uma charmosa locomotiva da d\u00e9cada de 50? \u00c9 poss\u00edvel fazer tudo isso neste s\u00e1bado (8) na\u00a0cidade de Mogi das Cruzes, onde acontece a\u00a0Akimatsuri, maior <strong><em>festa japonesa<\/em><\/strong> da regi\u00e3o.<\/p>\n<p>A festa \u00e9 uma forma de os descendentes de japoneses manterem viva a tradi\u00e7\u00e3o de seus antepassados, que faziam oferendas aos deuses para agradecer pela colheita e bem-estar das pessoas. A palavra, de origem japonesa, significa Festival de Outono (Aki significa Outono e Matsuri corresponde \u00e0 festival).\u00a0A celebra\u00e7\u00e3o existe em Mogi desde 1986.<\/p>\n<p>Para quem quiser aproveitar o festival para fazer uma viagem hist\u00f3rica, o embarque do Expresso Tur\u00edstico-Mogi ser\u00e1 na Esta\u00e7\u00e3o da Luz, a partir das 8h \u2013 o trem parte \u00e0s 8h30.<\/p>\n<p>O Expresso Tur\u00edstico resgata o glamour das viagens f\u00e9rreas, percorrendo um trajeto de 50 quil\u00f4metros entre a capital e Mogi das Cruzes, em cerca de uma hora e meia. Durante o trajeto, os turistas recebem informa\u00e7\u00f5es sobre a hist\u00f3ria da ferrovia e dos bairros por onde o trem passa.<\/p>\n<p>A viagem \u00e9 feita em uma locomotiva a diesel da CPTM, modelo Alco RS-3 de 1952, que conduz dois carros de passageiros, de a\u00e7o inoxid\u00e1vel, fabricados no Brasil pela Budd \u2013 Mafersa nos anos 60. Cedidos pela ABPF (Associa\u00e7\u00e3o Brasileira de Preserva\u00e7\u00e3o Ferrovi\u00e1ria), os vag\u00f5es foram restaurados nas oficinas da CPTM.<\/p>\n<p>Expresso Tur\u00edstico<br \/>\nCriado em 2009 pela CPTM e pela STM (Secretaria dos Transportes Metropolitanos), o Expresso Tur\u00edstico oferece viagem para tr\u00eas roteiros: Luz-Jundia\u00ed (tr\u00eas s\u00e1bados por m\u00eas), Luz-Mogi das Cruzes (no segundo s\u00e1bado de cada m\u00eas) e Luz-Paranapiacaba (aos domingos).<\/p>\n<p>S\u00e3o 174 poltronas para acomodar confortavelmente os turistas, al\u00e9m de espa\u00e7o reservado para cadeira de rodas (com cinto de seguran\u00e7a e ancoragem da cadeira). O bilhete da CPTM contempla exclusivamente a viagem de ida e volta. O pre\u00e7o unit\u00e1rio da passagem para qualquer um dos tr\u00eas roteiros \u00e9 de R$ 45 (ida e volta), exceto para o embarque na Esta\u00e7\u00e3o Prefeito Celso Daniel-Santo Andr\u00e9, com destino a Paranapiacaba, que sai por R$ 40.<\/p>\n<p>O bilhete \u00e9 vendido das 9h \u00e0s 18h, todos os dias, nas bilheterias das esta\u00e7\u00f5es da Luz e Prefeito Celso Daniel-Santo Andr\u00e9. Lembrando que os descontos podem chegar at\u00e9 50% na compra de quatro passagens. Os interessados podem obter mais informa\u00e7\u00f5es e conferir a abertura de novas datas para viagens no site: ?. <\/p>\n<p>SERVI\u00c7O<br \/>\nExpresso Tur\u00edstico Luz-Mogi das Cruzes<br \/>\nS\u00e1bado, 8 de abril<br \/>\nEmbarque \u00e0s 8h na plataforma 4 da Esta\u00e7\u00e3o da Luz<br \/>\nRetorno \u00e0s 16h30 na plataforma da Esta\u00e7\u00e3o Estudantes<\/p>\n<p>Do Portal do Governo SP<\/p>\n","protected":false},"excerpt":{"rendered":"<p>Que tal aproveitar o fim de semana em uma\u00a0cidade hist\u00f3rica, conhecendo melhor a cultura japonesa e ainda por cima\u00a0a bordo de uma charmosa locomotiva da d\u00e9cada de 50? \u00c9 poss\u00edvel fazer tudo isso neste s\u00e1bado (8) na\u00a0cidade de Mogi das Cruzes, onde acontece a\u00a0Akimatsuri, maior festa japonesa da regi\u00e3o. A festa \u00e9 uma forma de [&hellip;]<\/p>\n","protected":false},"author":2,"featured_media":28951,"comment_status":"open","ping_status":"closed","sticky":false,"template":"","format":"standard","meta":{"_genesis_hide_title":false,"_genesis_hide_breadcrumbs":false,"_genesis_hide_singular_image":false,"_genesis_hide_footer_widgets":false,"_genesis_custom_body_class":"","_genesis_custom_post_class":"","_genesis_layout":"","_jetpack_memberships_contains_paid_content":false,"footnotes":""},"categories":[22],"tags":[],"class_list":{"0":"post-110659","1":"post","2":"type-post","3":"status-publish","4":"format-standard","5":"has-post-thumbnail","7":"category-brasil","8":"entry","9":"gs-1","10":"gs-odd","11":"gs-even","12":"gs-featured-content-entry"},"jetpack_featured_media_url":"https:\/\/www.redenoticia.com.br\/noticia\/imagens\/concurso-inscricao-vagas-ate.jpg","jetpack_sharing_enabled":true,"jetpack_likes_enabled":true,"_links":{"self":[{"href":"https:\/\/www.redenoticia.com.br\/noticia\/wp-json\/wp\/v2\/posts\/110659","targetHints":{"allow":["GET"]}}],"collection":[{"href":"https:\/\/www.redenoticia.com.br\/noticia\/wp-json\/wp\/v2\/posts"}],"about":[{"href":"https:\/\/www.redenoticia.com.br\/noticia\/wp-json\/wp\/v2\/types\/post"}],"author":[{"embeddable":true,"href":"https:\/\/www.redenoticia.com.br\/noticia\/wp-json\/wp\/v2\/users\/2"}],"replies":[{"embeddable":true,"href":"https:\/\/www.redenoticia.com.br\/noticia\/wp-json\/wp\/v2\/comments?post=110659"}],"version-history":[{"count":0,"href":"https:\/\/www.redenoticia.com.br\/noticia\/wp-json\/wp\/v2\/posts\/110659\/revisions"}],"wp:featuredmedia":[{"embeddable":true,"href":"https:\/\/www.redenoticia.com.br\/noticia\/wp-json\/wp\/v2\/media\/28951"}],"wp:attachment":[{"href":"https:\/\/www.redenoticia.com.br\/noticia\/wp-json\/wp\/v2\/media?parent=110659"}],"wp:term":[{"taxonomy":"category","embeddable":true,"href":"https:\/\/www.redenoticia.com.br\/noticia\/wp-json\/wp\/v2\/categories?post=110659"},{"taxonomy":"post_tag","embeddable":true,"href":"https:\/\/www.redenoticia.com.br\/noticia\/wp-json\/wp\/v2\/tags?post=110659"}],"curies":[{"name":"wp","href":"https:\/\/api.w.org\/{rel}","templated":true}]}}