{"id":110581,"date":"2017-04-05T00:11:28","date_gmt":"2017-04-05T03:11:28","guid":{"rendered":"http:\/\/www.redenoticia.com.br\/noticia\/?p=110581"},"modified":"2017-04-04T16:12:38","modified_gmt":"2017-04-04T19:12:38","slug":"governo-anuncia-acoes-para-aumentar-competitividade-da-industria-de-defesa","status":"publish","type":"post","link":"https:\/\/www.redenoticia.com.br\/noticia\/2017\/governo-anuncia-acoes-para-aumentar-competitividade-da-industria-de-defesa\/110581","title":{"rendered":"Governo anuncia a\u00e7\u00f5es para aumentar competitividade da ind\u00fastria de defesa"},"content":{"rendered":"<p> O <strong><em>setor de defesa<\/em><\/strong> no Brasil deve ganhar incentivos governamentais para aumentar a competitividade e participa\u00e7\u00e3o no mercado internacional, anunciou o ministro da Defesa, Raul Jungmann, na abertura da Feira Internacional de Defesa e Seguran\u00e7a LAAD.<\/p>\n<p>Segundo Jungmann, as a\u00e7\u00f5es v\u00e3o incluir uma linha de cr\u00e9dito do Banco Nacional do Desenvolvimento Econ\u00f4mico e Social (BNDES) para financiar pa\u00edses que comprem produtos da base industrial de defesa brasileira, instrumentos de seguro aos fabricantes nacionais e tamb\u00e9m um grupo na C\u00e2mara de Com\u00e9rcio Exterior (Camex) que tratar\u00e1 exclusivamente do setor. Os detalhes sobre as novas regras do financiamento ser\u00e3o divulgados pela presidente do BNDES, Maria Silvia Bastos Marques, em uma entrevista coletiva durante a tarde.<\/p>\n<p>&#8220;Precisamos dotar o setor de uma pol\u00edtica espec\u00edfica, com instrumentos robustos, que confiram maior efici\u00eancia nas nossas rela\u00e7\u00f5es comerciais&#8221;, disse o ministro.<\/p>\n<p>Jungmann destacou que a ind\u00fastria de defesa serviu de base para avan\u00e7os tecnol\u00f3gicos na hist\u00f3ria como o GPS, o micro-ondas e o teflon e disse acreditar que o setor pode contribuir para que a economia cres\u00e7a com mais for\u00e7a. Ele explicou que incentivos s\u00e3o necess\u00e1rios porque o mercado de defesa \u00e9 assim\u00e9trico entre os pa\u00edses concorrentes e n\u00e3o conta com as mesmas regras que outros setores na Organiza\u00e7\u00e3o Mundial do Com\u00e9rcio (OMC).<\/p>\n<p>O ministro afirmou que as a\u00e7\u00f5es s\u00e3o conjuntas com a Camex, o BNDES e os minist\u00e9rios da Fazenda, Rela\u00e7\u00f5es Exteriores, Desenvolvimento, Ind\u00fastria e Com\u00e9rcio Exterior, Ci\u00eancia, Tecnologia, Inova\u00e7\u00f5es e Comunica\u00e7\u00f5es.<\/p>\n<p>O ministro da Fazenda, Henrique Meirelles, tamb\u00e9m disse que o setor \u00e9 uma \u00e1rea importante e que se beneficia de mudan\u00e7as estruturais que vem ocorrendo na economia brasileira. O peso do setor no Produto Interno Bruto (PIB) supera os R$ 200 bilh\u00f5es, e Meirelles destaca que, al\u00e9m de gerar empregos de renda maior que a m\u00e9dia brasileira, a \u00e1rea beneficia a ind\u00fastria como um todo.<\/p>\n<p>&#8220;A ind\u00fastria da defesa \u00e9 um importante polo gerador de tecnologia e de produtividade na economia.&#8221;<\/p>\n<p>Os ministros participaram da abertura da 11\u00aa edi\u00e7\u00e3o da feira, considerada o mais importante evento da \u00e1rea de defesa da Am\u00e9rica Latina. Em pavilh\u00f5es do Riocentro, o evento conta com a exposi\u00e7\u00e3o de 600 marcas das \u00e1reas de engenharia naval e aeron\u00e1utica, equipamentos pessoais e t\u00e1ticos, armamentos, sistemas e solu\u00e7\u00f5es. Cerca de 150 dessas empresas s\u00e3o brasileiras,  representam um setor que corresponde a 3,7% do Produto Interno Bruto do pa\u00eds e gera 30 mil empregos diretos.<\/p>\n<p>Na parte da tarde, o presidente Michel Temer deve visitar os estandes. Al\u00e9m de empresas, 175 delega\u00e7\u00f5es de 83 pa\u00edses tamb\u00e9m aproveitam a feira para fechar neg\u00f3cios e promover projetos. No caso do Brasil, iniciativas como o Programa de Desenvolvimento de Submarinos (Prosub) e o Sistema Integrado de Monitoramento de Fronteiras (Sifron) contam com exposi\u00e7\u00e3o em estandes.<\/p>\n<p>Na abertura do evento foi destacada a presen\u00e7a de ministros e vice-ministros da defesa de pa\u00edses como Chile, It\u00e1lia, Col\u00f4mbia, Nig\u00e9ria e Tun\u00edsia.<\/p>\n<p>Ao todo, 37 mil visitantes s\u00e3o esperados e mais de 2 mil reuni\u00f5es de neg\u00f3cios devem ocorrer entre empresas e delega\u00e7\u00f5es.<\/p>\n<p>Vin\u00edcius Lisboa &#8211; Rep\u00f3rter da Ag\u00eancia Brasil<br \/>\nEdi\u00e7\u00e3o: L\u00edlian Beraldo<br \/>\n05\/04\/2017<\/p>\n","protected":false},"excerpt":{"rendered":"<p>O setor de defesa no Brasil deve ganhar incentivos governamentais para aumentar a competitividade e participa\u00e7\u00e3o no mercado internacional, anunciou o ministro da Defesa, Raul Jungmann, na abertura da Feira Internacional de Defesa e Seguran\u00e7a LAAD. Segundo Jungmann, as a\u00e7\u00f5es v\u00e3o incluir uma linha de cr\u00e9dito do Banco Nacional do Desenvolvimento Econ\u00f4mico e Social (BNDES) [&hellip;]<\/p>\n","protected":false},"author":2,"featured_media":57583,"comment_status":"open","ping_status":"closed","sticky":false,"template":"","format":"standard","meta":{"_genesis_hide_title":false,"_genesis_hide_breadcrumbs":false,"_genesis_hide_singular_image":false,"_genesis_hide_footer_widgets":false,"_genesis_custom_body_class":"","_genesis_custom_post_class":"","_genesis_layout":"","_jetpack_memberships_contains_paid_content":false,"footnotes":""},"categories":[22,7],"tags":[],"class_list":{"0":"post-110581","1":"post","2":"type-post","3":"status-publish","4":"format-standard","5":"has-post-thumbnail","7":"category-brasil","8":"category-economia","9":"entry","10":"gs-1","11":"gs-odd","12":"gs-even","13":"gs-featured-content-entry"},"jetpack_featured_media_url":"https:\/\/www.redenoticia.com.br\/noticia\/imagens\/economia-grafico.jpg","jetpack_sharing_enabled":true,"jetpack_likes_enabled":true,"_links":{"self":[{"href":"https:\/\/www.redenoticia.com.br\/noticia\/wp-json\/wp\/v2\/posts\/110581","targetHints":{"allow":["GET"]}}],"collection":[{"href":"https:\/\/www.redenoticia.com.br\/noticia\/wp-json\/wp\/v2\/posts"}],"about":[{"href":"https:\/\/www.redenoticia.com.br\/noticia\/wp-json\/wp\/v2\/types\/post"}],"author":[{"embeddable":true,"href":"https:\/\/www.redenoticia.com.br\/noticia\/wp-json\/wp\/v2\/users\/2"}],"replies":[{"embeddable":true,"href":"https:\/\/www.redenoticia.com.br\/noticia\/wp-json\/wp\/v2\/comments?post=110581"}],"version-history":[{"count":0,"href":"https:\/\/www.redenoticia.com.br\/noticia\/wp-json\/wp\/v2\/posts\/110581\/revisions"}],"wp:featuredmedia":[{"embeddable":true,"href":"https:\/\/www.redenoticia.com.br\/noticia\/wp-json\/wp\/v2\/media\/57583"}],"wp:attachment":[{"href":"https:\/\/www.redenoticia.com.br\/noticia\/wp-json\/wp\/v2\/media?parent=110581"}],"wp:term":[{"taxonomy":"category","embeddable":true,"href":"https:\/\/www.redenoticia.com.br\/noticia\/wp-json\/wp\/v2\/categories?post=110581"},{"taxonomy":"post_tag","embeddable":true,"href":"https:\/\/www.redenoticia.com.br\/noticia\/wp-json\/wp\/v2\/tags?post=110581"}],"curies":[{"name":"wp","href":"https:\/\/api.w.org\/{rel}","templated":true}]}}