{"id":110579,"date":"2017-04-05T00:10:14","date_gmt":"2017-04-05T03:10:14","guid":{"rendered":"http:\/\/www.redenoticia.com.br\/noticia\/?p=110579"},"modified":"2017-04-04T16:11:25","modified_gmt":"2017-04-04T19:11:25","slug":"producao-industrial-acumula-alta-de-03-no-bimestre","status":"publish","type":"post","link":"https:\/\/www.redenoticia.com.br\/noticia\/2017\/producao-industrial-acumula-alta-de-03-no-bimestre\/110579","title":{"rendered":"Produ\u00e7\u00e3o industrial acumula alta de 0,3% no bimestre"},"content":{"rendered":"<p> A <strong><em>produ\u00e7\u00e3o industrial<\/em><\/strong> brasileira ficou praticamente estagnada em fevereiro ao crescer 0,1% frente a janeiro, na s\u00e9rie livre de influ\u00eancias sazonais, revertendo uma queda de 0,2% de janeiro. Com a ligeira alta, a ind\u00fastria fechou o primeiro bimestre com alta acumulada de 0,3%.<\/p>\n<p>Os dados foram divulgados no Rio de Janeiro, pelo Instituto Brasileiro de Geografia e Estat\u00edstica (IBGE) e fazem parte da Pesquisa Industrial Mensal Produ\u00e7\u00e3o F\u00edsica Brasil (PIM \u2013 Brasil).<\/p>\n<p>Eles indicam que, na s\u00e9rie sem ajuste sazonal, no confronto com igual m\u00eas do ano anterior, a ind\u00fastria teve queda de 0,8% em fevereiro, ap\u00f3s avan\u00e7ar 1,4% em janeiro \u00faltimo. Neste caso, interrompendo 34 meses consecutivos de resultados negativos nesse tipo de compara\u00e7\u00e3o.<\/p>\n<p>Recuo de 4,8%<\/p>\n<p>Com o resultado de fevereiro, a taxa anualizada, indicador acumulado nos \u00faltimos doze meses, fechou o m\u00eas passado com recuo de 4,8% frente aos quatro meses imediatamente anteriores e manteve a redu\u00e7\u00e3o no ritmo de queda iniciada em junho de 2016 (-9,7%). O ligeiro aumento verificado em fevereiro reflete crescimento em tr\u00eas das quatro grandes categorias de uso e em 13 dos 24 ramos da ind\u00fastria pesquisados pelo IBGE.<\/p>\n<p>Bens de consumo dur\u00e1veis<\/p>\n<p>A ligeira expans\u00e3o da ind\u00fastria brasileira entre janeiro e fevereiro, ao refletir avan\u00e7os em tr\u00eas das quatro grandes categorias econ\u00f4micas, traz como destaque o expressivo crescimento de 7,1% de bens de consumo dur\u00e1veis e de 6,5% em bens de capital.<\/p>\n<p>No primeiro caso, o item bens de consumo dur\u00e1veis elimina um recuo de 4,8% assinalado em janeiro \u00faltimo; ao mesmo tempo, o setor de bens de capital recupera parte da perda de 7% de dezembro do ano passado e janeiro deste ano. Outro setor que fechou com expans\u00e3o foi bens intermedi\u00e1rios, com avan\u00e7o de 0,5% sobre janeiro, neste caso a quarta taxa positiva consecutiva, acumulando no per\u00edodo expans\u00e3o de 3,6%. A exce\u00e7\u00e3o foi o setor produtor de bens de consumo semi e n\u00e3o dur\u00e1veis, que caiu em fevereiro 1,6% frente a janeiro.<\/p>\n<p>Ramos industriais<\/p>\n<p>Os dados da Pesquisa Ind\u00fastria Mensal Produ\u00e7\u00e3o F\u00edsica Brasil indicam que a ligeira expans\u00e3o do parque fabril em fevereiro reflete resultados positivos em 13 dos 24 ramos industriais pesquisados, frente a janeiro.<\/p>\n<p>Entre os setores, os principais impactos positivos foram registrados pelo item ve\u00edculos automotores, reboques e carrocerias, que cresceu 6,1%, e em m\u00e1quinas e equipamentos, com expans\u00e3o de 9,8%.<\/p>\n<p>Segundo o IBGE, ambos os setores reverteram as quedas observados no m\u00eas anterior: -8,4% para ve\u00edculos automotores, reboques e carrocerias e -6,1% para maquinas e equipamentos.<\/p>\n<p>N\u00fameros de fevereiro<\/p>\n<p>Os dados do IBGE indicam que o recuou 0,8% entre fevereiro deste ano e fevereiro de 2016 significa resultados negativos em duas das quatro grandes categorias econ\u00f4micas, 17 dos 26 ramos, 46 dos 79 grupos e 53,2% dos 805 produtos pesquisados. O IBGE ressalta, por\u00e9m, que fevereiro deste ano teve um dia \u00fatil a menos do que fevereiro de 2016.<\/p>\n<p>As maiores influ\u00eancias negativas na forma\u00e7\u00e3o da taxa m\u00e9dia da ind\u00fastria vieram dos setores de coque, produtos derivados do petr\u00f3leo e biocombust\u00edveis, cuja retra\u00e7\u00e3o chegou a 10,7%, e produtos aliment\u00edcios, com queda de 6%.<\/p>\n<p>Outras contribui\u00e7\u00f5es negativas relevantes sobre o total nacional surgiram de outros produtos qu\u00edmicos (-3,6%), de outros equipamentos de transporte (-11,4%), de produtos de minerais n\u00e3o met\u00e1licos (-4,3%), de impress\u00e3o e reprodu\u00e7\u00e3o de grava\u00e7\u00f5es (-16,3%), e de produtos de metal (-4,1%).<\/p>\n<p>Ainda na compara\u00e7\u00e3o com fevereiro de 2016, entre as nove atividades que apontaram aumento na produ\u00e7\u00e3o, a principal influ\u00eancia no total da ind\u00fastria foi registrada por ve\u00edculos automotores, reboques e carrocerias (18,7%).<\/p>\n<p>O IBGE destacou, ainda, os resultados positivos vindos de ind\u00fastrias extrativas (4,7%), de m\u00e1quinas e equipamentos (11%), de equipamentos de inform\u00e1tica, produtos eletr\u00f4nicos e \u00f3pticos (13,1%) e de confec\u00e7\u00e3o de artigos do vestu\u00e1rio e acess\u00f3rios (6,4%).<\/p>\n<p>Primeiros dois meses<\/p>\n<p>O IBGE tamb\u00e9m detalhou o resultado dos primeiros dois meses do ano. O crescimento acumulado de 0,3% em janeiro e fevereiro, frente a igual per\u00edodo do ano anterior, reflete resultados positivos em duas das quatro grandes categorias econ\u00f4micas, 14 dos 26 ramos, 40 dos 79 grupos e 51,2% dos 805 produtos pesquisados.<\/p>\n<p>Entre as atividades, ind\u00fastrias extrativas (8,7%) e ve\u00edculos automotores, reboques e carrocerias (12,0%) exerceram as maiores influ\u00eancias positivas na forma\u00e7\u00e3o da m\u00e9dia da ind\u00fastria, impulsionadas pelos itens min\u00e9rios de ferro, \u00f3leos brutos de petr\u00f3leo e g\u00e1s natural, na primeira; e autom\u00f3veis, ve\u00edculos para transporte de mercadorias, caminh\u00e3o-trator e autope\u00e7as, na segunda.<\/p>\n<p>Nielmar de Oliveira &#8211; Rep\u00f3rter da Ag\u00eancia Brasil<br \/>\nEdi\u00e7\u00e3o: Kleber Sampaio<br \/>\n05\/04\/2017<\/p>\n","protected":false},"excerpt":{"rendered":"<p>A produ\u00e7\u00e3o industrial brasileira ficou praticamente estagnada em fevereiro ao crescer 0,1% frente a janeiro, na s\u00e9rie livre de influ\u00eancias sazonais, revertendo uma queda de 0,2% de janeiro. Com a ligeira alta, a ind\u00fastria fechou o primeiro bimestre com alta acumulada de 0,3%. Os dados foram divulgados no Rio de Janeiro, pelo Instituto Brasileiro de [&hellip;]<\/p>\n","protected":false},"author":2,"featured_media":57585,"comment_status":"open","ping_status":"closed","sticky":false,"template":"","format":"standard","meta":{"_genesis_hide_title":false,"_genesis_hide_breadcrumbs":false,"_genesis_hide_singular_image":false,"_genesis_hide_footer_widgets":false,"_genesis_custom_body_class":"","_genesis_custom_post_class":"","_genesis_layout":"","_jetpack_memberships_contains_paid_content":false,"footnotes":""},"categories":[22,7],"tags":[],"class_list":{"0":"post-110579","1":"post","2":"type-post","3":"status-publish","4":"format-standard","5":"has-post-thumbnail","7":"category-brasil","8":"category-economia","9":"entry","10":"gs-1","11":"gs-odd","12":"gs-even","13":"gs-featured-content-entry"},"jetpack_featured_media_url":"https:\/\/www.redenoticia.com.br\/noticia\/imagens\/analise-economia.jpg","jetpack_sharing_enabled":true,"jetpack_likes_enabled":true,"_links":{"self":[{"href":"https:\/\/www.redenoticia.com.br\/noticia\/wp-json\/wp\/v2\/posts\/110579","targetHints":{"allow":["GET"]}}],"collection":[{"href":"https:\/\/www.redenoticia.com.br\/noticia\/wp-json\/wp\/v2\/posts"}],"about":[{"href":"https:\/\/www.redenoticia.com.br\/noticia\/wp-json\/wp\/v2\/types\/post"}],"author":[{"embeddable":true,"href":"https:\/\/www.redenoticia.com.br\/noticia\/wp-json\/wp\/v2\/users\/2"}],"replies":[{"embeddable":true,"href":"https:\/\/www.redenoticia.com.br\/noticia\/wp-json\/wp\/v2\/comments?post=110579"}],"version-history":[{"count":0,"href":"https:\/\/www.redenoticia.com.br\/noticia\/wp-json\/wp\/v2\/posts\/110579\/revisions"}],"wp:featuredmedia":[{"embeddable":true,"href":"https:\/\/www.redenoticia.com.br\/noticia\/wp-json\/wp\/v2\/media\/57585"}],"wp:attachment":[{"href":"https:\/\/www.redenoticia.com.br\/noticia\/wp-json\/wp\/v2\/media?parent=110579"}],"wp:term":[{"taxonomy":"category","embeddable":true,"href":"https:\/\/www.redenoticia.com.br\/noticia\/wp-json\/wp\/v2\/categories?post=110579"},{"taxonomy":"post_tag","embeddable":true,"href":"https:\/\/www.redenoticia.com.br\/noticia\/wp-json\/wp\/v2\/tags?post=110579"}],"curies":[{"name":"wp","href":"https:\/\/api.w.org\/{rel}","templated":true}]}}