{"id":110575,"date":"2017-04-05T00:07:56","date_gmt":"2017-04-05T03:07:56","guid":{"rendered":"http:\/\/www.redenoticia.com.br\/noticia\/?p=110575"},"modified":"2017-04-04T16:08:55","modified_gmt":"2017-04-04T19:08:55","slug":"inflacao-em-sao-paulo-fecha-marco-com-alta-de-038","status":"publish","type":"post","link":"https:\/\/www.redenoticia.com.br\/noticia\/2017\/inflacao-em-sao-paulo-fecha-marco-com-alta-de-038\/110575","title":{"rendered":"Infla\u00e7\u00e3o em S\u00e3o Paulo fecha mar\u00e7o com alta de 0,38%"},"content":{"rendered":"<p> O <strong><em>\u00cdndice de Pre\u00e7os ao Consumidor<\/em><\/strong> (IPC), medido pela Funda\u00e7\u00e3o Instituto de Pesquisas Econ\u00f4micas (Fipe), na cidade de S\u00e3o Paulo, fechou mar\u00e7o com alta de 0,14%, revertendo o recuo de fevereiro (-0,08%). No acumulado do ano, a taxa aponta um aumento de 0,38% e, nos \u00faltimos 12 meses, de 3,56%. Apesar da eleva\u00e7\u00e3o, o resultado ainda \u00e9 de desacelera\u00e7\u00e3o no per\u00edodo acumulado de um ano, j\u00e1 que em fevereiro a taxa tinha atingido 4,43%.<\/p>\n<p>Dos sete grupos pesquisados, o de alimenta\u00e7\u00e3o foi o que mais empurrou o \u00edndice para cima ao passar de uma queda de 0,69%, no encerramento de fevereiro, para uma alta de 0,34%. Al\u00e9m disso, em transportes, diminuiu a intensidade de queda indo de -0,49% para -0,17% e, em sa\u00fade, os pre\u00e7os avan\u00e7aram de 0,69% para 0,72%.<\/p>\n<p>Moradia sobe<\/p>\n<p> No grupo habita\u00e7\u00e3o, o \u00edndice atingiu alta de 0,19%, indicando uma redu\u00e7\u00e3o no ritmo de corre\u00e7\u00e3o, pois em fevereiro, a taxa havia tido eleva\u00e7\u00e3o de 0,36%. Mesmo assim, o grupo foi o terceiro que mais pesou no or\u00e7amento dom\u00e9stico, depois de alimenta\u00e7\u00e3o e transportes.<\/p>\n<p>Em despesas pessoais, foi constatado aumento de 0,17% ante uma queda de 0,13%. J\u00e1 no grupo vestu\u00e1rio, como \u00e9 tradicional nesta \u00e9poca do ano, ocorreu um movimento de recupera\u00e7\u00e3o de pre\u00e7os com a taxa passando de -0,42% para -0,04%. E, em educa\u00e7\u00e3o, o \u00edndice atingiu alta de 0,06% ante 0,13%.<\/p>\n<p>Marli Moreira &#8211; Rep\u00f3rter da Ag\u00eancia Brasil<br \/>\nEdi\u00e7\u00e3o: Kleber Sampaio<br \/>\n05\/04\/2017<\/p>\n","protected":false},"excerpt":{"rendered":"<p>O \u00cdndice de Pre\u00e7os ao Consumidor (IPC), medido pela Funda\u00e7\u00e3o Instituto de Pesquisas Econ\u00f4micas (Fipe), na cidade de S\u00e3o Paulo, fechou mar\u00e7o com alta de 0,14%, revertendo o recuo de fevereiro (-0,08%). No acumulado do ano, a taxa aponta um aumento de 0,38% e, nos \u00faltimos 12 meses, de 3,56%. Apesar da eleva\u00e7\u00e3o, o resultado [&hellip;]<\/p>\n","protected":false},"author":2,"featured_media":57584,"comment_status":"open","ping_status":"closed","sticky":false,"template":"","format":"standard","meta":{"_genesis_hide_title":false,"_genesis_hide_breadcrumbs":false,"_genesis_hide_singular_image":false,"_genesis_hide_footer_widgets":false,"_genesis_custom_body_class":"","_genesis_custom_post_class":"","_genesis_layout":"","_jetpack_memberships_contains_paid_content":false,"footnotes":""},"categories":[22,7],"tags":[],"class_list":{"0":"post-110575","1":"post","2":"type-post","3":"status-publish","4":"format-standard","5":"has-post-thumbnail","7":"category-brasil","8":"category-economia","9":"entry","10":"gs-1","11":"gs-odd","12":"gs-even","13":"gs-featured-content-entry"},"jetpack_featured_media_url":"https:\/\/www.redenoticia.com.br\/noticia\/imagens\/economia-grafica-analise-inflacao.jpg","jetpack_sharing_enabled":true,"jetpack_likes_enabled":true,"_links":{"self":[{"href":"https:\/\/www.redenoticia.com.br\/noticia\/wp-json\/wp\/v2\/posts\/110575","targetHints":{"allow":["GET"]}}],"collection":[{"href":"https:\/\/www.redenoticia.com.br\/noticia\/wp-json\/wp\/v2\/posts"}],"about":[{"href":"https:\/\/www.redenoticia.com.br\/noticia\/wp-json\/wp\/v2\/types\/post"}],"author":[{"embeddable":true,"href":"https:\/\/www.redenoticia.com.br\/noticia\/wp-json\/wp\/v2\/users\/2"}],"replies":[{"embeddable":true,"href":"https:\/\/www.redenoticia.com.br\/noticia\/wp-json\/wp\/v2\/comments?post=110575"}],"version-history":[{"count":0,"href":"https:\/\/www.redenoticia.com.br\/noticia\/wp-json\/wp\/v2\/posts\/110575\/revisions"}],"wp:featuredmedia":[{"embeddable":true,"href":"https:\/\/www.redenoticia.com.br\/noticia\/wp-json\/wp\/v2\/media\/57584"}],"wp:attachment":[{"href":"https:\/\/www.redenoticia.com.br\/noticia\/wp-json\/wp\/v2\/media?parent=110575"}],"wp:term":[{"taxonomy":"category","embeddable":true,"href":"https:\/\/www.redenoticia.com.br\/noticia\/wp-json\/wp\/v2\/categories?post=110575"},{"taxonomy":"post_tag","embeddable":true,"href":"https:\/\/www.redenoticia.com.br\/noticia\/wp-json\/wp\/v2\/tags?post=110575"}],"curies":[{"name":"wp","href":"https:\/\/api.w.org\/{rel}","templated":true}]}}