{"id":110469,"date":"2017-04-04T00:17:43","date_gmt":"2017-04-04T03:17:43","guid":{"rendered":"http:\/\/www.redenoticia.com.br\/noticia\/?p=110469"},"modified":"2017-04-03T15:18:32","modified_gmt":"2017-04-03T18:18:32","slug":"mercado-espera-que-taxa-de-juros-caia-para-875-ate-o-fim-do-ano","status":"publish","type":"post","link":"https:\/\/www.redenoticia.com.br\/noticia\/2017\/mercado-espera-que-taxa-de-juros-caia-para-875-ate-o-fim-do-ano\/110469","title":{"rendered":"Mercado espera que taxa de juros caia para 8,75% at\u00e9 o fim do ano"},"content":{"rendered":"<p> O mercado financeiro espera que a <strong><em>taxa b\u00e1sica de juros<\/em><\/strong>, a Selic, fique em 8,75% ao ano, ao final de 2017. Na semana passada, a expectativa era 9% ao ano, segundo o boletim Focus, divulgado todas as segundas-feiras pelo Banco Central (BC). Atualmente, a Selic est\u00e1 em 12,25% ao ano.<\/p>\n<p>No \u00faltimo dia 30, o BC indicou que poder\u00e1 acelerar o ritmo de cortes na taxa b\u00e1sica de juros, a Selic. Em fevereiro, o Comit\u00ea de Pol\u00edtica Monet\u00e1ria (Copom) do BC anunciou o quarto corte seguido na taxa. Por unanimidade, o comit\u00ea reduziu a Selic em 0,75 ponto percentual, de 13% ao ano para 12,25% ao ano. Esse foi o segundo corte seguido de 0,75 ponto percentual. A pr\u00f3xima reuni\u00e3o do Copom est\u00e1 marcada para os dias 11 e 12 deste m\u00eas.<\/p>\n<p>\u201cA consolida\u00e7\u00e3o do cen\u00e1rio de desinfla\u00e7\u00e3o mais difundida, que abrange os componentes da infla\u00e7\u00e3o mais sens\u00edveis ao ciclo econ\u00f4mico e \u00e0 pol\u00edtica monet\u00e1ria [defini\u00e7\u00f5es da taxa Selic], fortalece a possibilidade de uma intensifica\u00e7\u00e3o moderada do ritmo de flexibiliza\u00e7\u00e3o da pol\u00edtica monet\u00e1ria, em rela\u00e7\u00e3o ao ritmo imprimido nas duas \u00faltimas reuni\u00f5es do Copom\u201d, disse o BC no Relat\u00f3rio de Infla\u00e7\u00e3o.<\/p>\n<p>A Selic \u00e9 um dos instrumentos usados para influenciar a atividade econ\u00f4mica e, consequentemente, a infla\u00e7\u00e3o. Quando o Copom aumenta a Selic, o objetivo \u00e9 conter a demanda aquecida, e isso gera reflexos nos pre\u00e7os, porque os juros mais altos encarecem o cr\u00e9dito e estimulam a poupan\u00e7a. J\u00e1 quando o Copom diminui os juros b\u00e1sicos, a tend\u00eancia \u00e9 que o cr\u00e9dito fique mais barato, com incentivo \u00e0 produ\u00e7\u00e3o e ao consumo, reduzindo o controle sobre a infla\u00e7\u00e3o.<\/p>\n<p>Infla\u00e7\u00e3o<\/p>\n<p>A estimativa do mercado financeiro para infla\u00e7\u00e3o caiu pela quarta vez seguida. Desta vez, a proje\u00e7\u00e3o para o \u00cdndice Nacional de Pre\u00e7os ao Consumidor Amplo (IPCA) passou de 4,12% para 4,10%.<\/p>\n<p>A proje\u00e7\u00e3o para a infla\u00e7\u00e3o este ano est\u00e1 abaixo do centro da meta que \u00e9 4,5%. A meta tem ainda limite inferior de 3% e superior de 6%. Para 2018, a estimativa n\u00e3o foi alterada \u2013 segue em 4,5%.<\/p>\n<p>A proje\u00e7\u00e3o de institui\u00e7\u00f5es financeiras para o crescimento da economia (Produto Interno Bruto \u2013 PIB \u2013 a soma de todas as riquezas produzidas pelo pa\u00eds) este ano, permanece em 0,47%. Para o pr\u00f3ximo ano, a estimativa permanece em 2,5%.<\/p>\n<p>Kelly Oliveira &#8211; Rep\u00f3rter da Ag\u00eancia Brasil<br \/>\nEdi\u00e7\u00e3o: Kleber Sampaio<br \/>\n04\/04\/2017<\/p>\n","protected":false},"excerpt":{"rendered":"<p>O mercado financeiro espera que a taxa b\u00e1sica de juros, a Selic, fique em 8,75% ao ano, ao final de 2017. Na semana passada, a expectativa era 9% ao ano, segundo o boletim Focus, divulgado todas as segundas-feiras pelo Banco Central (BC). Atualmente, a Selic est\u00e1 em 12,25% ao ano. No \u00faltimo dia 30, o [&hellip;]<\/p>\n","protected":false},"author":2,"featured_media":57585,"comment_status":"open","ping_status":"closed","sticky":false,"template":"","format":"standard","meta":{"_genesis_hide_title":false,"_genesis_hide_breadcrumbs":false,"_genesis_hide_singular_image":false,"_genesis_hide_footer_widgets":false,"_genesis_custom_body_class":"","_genesis_custom_post_class":"","_genesis_layout":"","_jetpack_memberships_contains_paid_content":false,"footnotes":""},"categories":[22,7],"tags":[],"class_list":{"0":"post-110469","1":"post","2":"type-post","3":"status-publish","4":"format-standard","5":"has-post-thumbnail","7":"category-brasil","8":"category-economia","9":"entry","10":"gs-1","11":"gs-odd","12":"gs-even","13":"gs-featured-content-entry"},"jetpack_featured_media_url":"https:\/\/www.redenoticia.com.br\/noticia\/imagens\/analise-economia.jpg","jetpack_sharing_enabled":true,"jetpack_likes_enabled":true,"_links":{"self":[{"href":"https:\/\/www.redenoticia.com.br\/noticia\/wp-json\/wp\/v2\/posts\/110469","targetHints":{"allow":["GET"]}}],"collection":[{"href":"https:\/\/www.redenoticia.com.br\/noticia\/wp-json\/wp\/v2\/posts"}],"about":[{"href":"https:\/\/www.redenoticia.com.br\/noticia\/wp-json\/wp\/v2\/types\/post"}],"author":[{"embeddable":true,"href":"https:\/\/www.redenoticia.com.br\/noticia\/wp-json\/wp\/v2\/users\/2"}],"replies":[{"embeddable":true,"href":"https:\/\/www.redenoticia.com.br\/noticia\/wp-json\/wp\/v2\/comments?post=110469"}],"version-history":[{"count":0,"href":"https:\/\/www.redenoticia.com.br\/noticia\/wp-json\/wp\/v2\/posts\/110469\/revisions"}],"wp:featuredmedia":[{"embeddable":true,"href":"https:\/\/www.redenoticia.com.br\/noticia\/wp-json\/wp\/v2\/media\/57585"}],"wp:attachment":[{"href":"https:\/\/www.redenoticia.com.br\/noticia\/wp-json\/wp\/v2\/media?parent=110469"}],"wp:term":[{"taxonomy":"category","embeddable":true,"href":"https:\/\/www.redenoticia.com.br\/noticia\/wp-json\/wp\/v2\/categories?post=110469"},{"taxonomy":"post_tag","embeddable":true,"href":"https:\/\/www.redenoticia.com.br\/noticia\/wp-json\/wp\/v2\/tags?post=110469"}],"curies":[{"name":"wp","href":"https:\/\/api.w.org\/{rel}","templated":true}]}}