{"id":110467,"date":"2017-04-04T00:16:27","date_gmt":"2017-04-04T03:16:27","guid":{"rendered":"http:\/\/www.redenoticia.com.br\/noticia\/?p=110467"},"modified":"2017-04-03T15:17:37","modified_gmt":"2017-04-03T18:17:37","slug":"ipc-s-sobe-e-fecha-marco-com-inflacao-de-047","status":"publish","type":"post","link":"https:\/\/www.redenoticia.com.br\/noticia\/2017\/ipc-s-sobe-e-fecha-marco-com-inflacao-de-047\/110467","title":{"rendered":"IPC-S sobe e fecha mar\u00e7o com infla\u00e7\u00e3o de 0,47%"},"content":{"rendered":"<p> O <strong><em>\u00cdndice de Pre\u00e7os ao Consumidor Semanal<\/em><\/strong> (IPC-S) fechou mar\u00e7o com uma taxa de infla\u00e7\u00e3o de 0,47%. Ela \u00e9 superior ao registrado em fevereiro (0,31%), segundo dados divulgados pela Funda\u00e7\u00e3o Getulio Vargas (FGV), no Rio de Janeiro.<\/p>\n<p>Os alimentos, que haviam tido uma defla\u00e7\u00e3o (queda de pre\u00e7os) de 0,16% em fevereiro, acusaram uma infla\u00e7\u00e3o de 0,71% em mar\u00e7o. Entre os principais respons\u00e1veis por essa alta de pre\u00e7os est\u00e3o as hortali\u00e7as e legumes com uma infla\u00e7\u00e3o de 5,45% em mar\u00e7o.<\/p>\n<p>Al\u00e9m dos alimentos, outras quatro das oito classes de despesa tiveram aumento da taxa entre fevereiro e mar\u00e7o. A classe de despesas vestu\u00e1rio, por exemplo, teve uma infla\u00e7\u00e3o de 0,11% em mar\u00e7o, ante uma defla\u00e7\u00e3o de 0,18% em fevereiro.<\/p>\n<p>A infla\u00e7\u00e3o da classe habita\u00e7\u00e3o passou de 0,51% em fevereiro para 1,10% em mar\u00e7o. Outras classes com aumento na taxa foram: sa\u00fade e cuidados pessoais (de 0,51% para 0,71%) e despesas diversas (de 0,31% para 0,90%).<\/p>\n<p>Ao mesmo tempo, tr\u00eas classes de despesa tiveram recuo na taxa do IPC-S entre fevereiro e mar\u00e7o: educa\u00e7\u00e3o, leitura e recrea\u00e7\u00e3o (de 0,68% para -0,11%), transportes (de 0,61% para -0,30%) e comunica\u00e7\u00e3o (de 0,09% para -0,95%).<\/p>\n<p>Vitor Abdala &#8211; Rep\u00f3rter da Ag\u00eancia Brasil<br \/>\nEdi\u00e7\u00e3o: Kleber Sampaio<br \/>\n04\/04\/2017<\/p>\n","protected":false},"excerpt":{"rendered":"<p>O \u00cdndice de Pre\u00e7os ao Consumidor Semanal (IPC-S) fechou mar\u00e7o com uma taxa de infla\u00e7\u00e3o de 0,47%. Ela \u00e9 superior ao registrado em fevereiro (0,31%), segundo dados divulgados pela Funda\u00e7\u00e3o Getulio Vargas (FGV), no Rio de Janeiro. Os alimentos, que haviam tido uma defla\u00e7\u00e3o (queda de pre\u00e7os) de 0,16% em fevereiro, acusaram uma infla\u00e7\u00e3o de [&hellip;]<\/p>\n","protected":false},"author":2,"featured_media":57582,"comment_status":"open","ping_status":"closed","sticky":false,"template":"","format":"standard","meta":{"_genesis_hide_title":false,"_genesis_hide_breadcrumbs":false,"_genesis_hide_singular_image":false,"_genesis_hide_footer_widgets":false,"_genesis_custom_body_class":"","_genesis_custom_post_class":"","_genesis_layout":"","_jetpack_memberships_contains_paid_content":false,"footnotes":""},"categories":[22,7],"tags":[],"class_list":{"0":"post-110467","1":"post","2":"type-post","3":"status-publish","4":"format-standard","5":"has-post-thumbnail","7":"category-brasil","8":"category-economia","9":"entry","10":"gs-1","11":"gs-odd","12":"gs-even","13":"gs-featured-content-entry"},"jetpack_featured_media_url":"https:\/\/www.redenoticia.com.br\/noticia\/imagens\/grafico1.jpg","jetpack_sharing_enabled":true,"jetpack_likes_enabled":true,"_links":{"self":[{"href":"https:\/\/www.redenoticia.com.br\/noticia\/wp-json\/wp\/v2\/posts\/110467","targetHints":{"allow":["GET"]}}],"collection":[{"href":"https:\/\/www.redenoticia.com.br\/noticia\/wp-json\/wp\/v2\/posts"}],"about":[{"href":"https:\/\/www.redenoticia.com.br\/noticia\/wp-json\/wp\/v2\/types\/post"}],"author":[{"embeddable":true,"href":"https:\/\/www.redenoticia.com.br\/noticia\/wp-json\/wp\/v2\/users\/2"}],"replies":[{"embeddable":true,"href":"https:\/\/www.redenoticia.com.br\/noticia\/wp-json\/wp\/v2\/comments?post=110467"}],"version-history":[{"count":0,"href":"https:\/\/www.redenoticia.com.br\/noticia\/wp-json\/wp\/v2\/posts\/110467\/revisions"}],"wp:featuredmedia":[{"embeddable":true,"href":"https:\/\/www.redenoticia.com.br\/noticia\/wp-json\/wp\/v2\/media\/57582"}],"wp:attachment":[{"href":"https:\/\/www.redenoticia.com.br\/noticia\/wp-json\/wp\/v2\/media?parent=110467"}],"wp:term":[{"taxonomy":"category","embeddable":true,"href":"https:\/\/www.redenoticia.com.br\/noticia\/wp-json\/wp\/v2\/categories?post=110467"},{"taxonomy":"post_tag","embeddable":true,"href":"https:\/\/www.redenoticia.com.br\/noticia\/wp-json\/wp\/v2\/tags?post=110467"}],"curies":[{"name":"wp","href":"https:\/\/api.w.org\/{rel}","templated":true}]}}