{"id":110465,"date":"2017-04-04T00:14:52","date_gmt":"2017-04-04T03:14:52","guid":{"rendered":"http:\/\/www.redenoticia.com.br\/noticia\/?p=110465"},"modified":"2017-04-03T15:19:53","modified_gmt":"2017-04-03T18:19:53","slug":"pib-tem-queda-de-03-em-janeiro-a-menor-dos-ultimos-22-meses","status":"publish","type":"post","link":"https:\/\/www.redenoticia.com.br\/noticia\/2017\/pib-tem-queda-de-03-em-janeiro-a-menor-dos-ultimos-22-meses\/110465","title":{"rendered":"PIB tem queda de 0,3% em janeiro, a menor dos \u00faltimos 22 meses"},"content":{"rendered":"<p> O <strong><em>Produto Interno Bruto<\/em><\/strong> (PIB), que \u00e9 a soma de todos os bens e servi\u00e7os produzidos no pa\u00eds, recuou 0,3% em janeiro na compara\u00e7\u00e3o com o mesmo per\u00edodo do ano passado. A informa\u00e7\u00e3o foi publicada pelo Monitor do PIB, da Funda\u00e7\u00e3o Getulio Vargas (FGV). Apesar da queda, esse foi o resultado menos negativo dos \u00faltimos 22 meses, de acordo com a FGV.<\/p>\n<p>A queda foi de 0,06% na compara\u00e7\u00e3o com dezembro. No trimestre encerrado em janeiro, houve quedas de 0,22% na compara\u00e7\u00e3o com o trimestre encerrado em outubro de 2016 e de 1,1% em rela\u00e7\u00e3o ao trimestre que terminou em janeiro de 2016.<\/p>\n<p>Na compara\u00e7\u00e3o com o trimestre encerrado em janeiro de 2016, os principais destaques positivos foram os setores de extrativa mineral (7,5%) e eletricidade (5,7%). Contribu\u00edram para a queda de 1,1% do PIB os setores da constru\u00e7\u00e3o (-6,5%) e transportes (-5,1%).<\/p>\n<p>Pelo lado da demanda, o consumo das fam\u00edlias caiu 2,6% no trimestre que acabou em janeiro deste ano, na compara\u00e7\u00e3o com o mesmo trimestre do ano anterior. J\u00e1 a forma\u00e7\u00e3o bruta de capital fixo (investimentos) teve queda de 3,9% no per\u00edodo.<\/p>\n<p>Vitor Abdala &#8211; Rep\u00f3rter da Ag\u00eancia Brasil<br \/>\nEdi\u00e7\u00e3o: Kleber Sampaio<br \/>\n04\/04\/2017<\/p>\n","protected":false},"excerpt":{"rendered":"<p>O Produto Interno Bruto (PIB), que \u00e9 a soma de todos os bens e servi\u00e7os produzidos no pa\u00eds, recuou 0,3% em janeiro na compara\u00e7\u00e3o com o mesmo per\u00edodo do ano passado. A informa\u00e7\u00e3o foi publicada pelo Monitor do PIB, da Funda\u00e7\u00e3o Getulio Vargas (FGV). Apesar da queda, esse foi o resultado menos negativo dos \u00faltimos [&hellip;]<\/p>\n","protected":false},"author":2,"featured_media":38938,"comment_status":"open","ping_status":"closed","sticky":false,"template":"","format":"standard","meta":{"_genesis_hide_title":false,"_genesis_hide_breadcrumbs":false,"_genesis_hide_singular_image":false,"_genesis_hide_footer_widgets":false,"_genesis_custom_body_class":"","_genesis_custom_post_class":"","_genesis_layout":"","_jetpack_memberships_contains_paid_content":false,"footnotes":""},"categories":[22,7],"tags":[],"class_list":{"0":"post-110465","1":"post","2":"type-post","3":"status-publish","4":"format-standard","5":"has-post-thumbnail","7":"category-brasil","8":"category-economia","9":"entry","10":"gs-1","11":"gs-odd","12":"gs-even","13":"gs-featured-content-entry"},"jetpack_featured_media_url":"https:\/\/www.redenoticia.com.br\/noticia\/imagens\/economia1.jpg","jetpack_sharing_enabled":true,"jetpack_likes_enabled":true,"_links":{"self":[{"href":"https:\/\/www.redenoticia.com.br\/noticia\/wp-json\/wp\/v2\/posts\/110465","targetHints":{"allow":["GET"]}}],"collection":[{"href":"https:\/\/www.redenoticia.com.br\/noticia\/wp-json\/wp\/v2\/posts"}],"about":[{"href":"https:\/\/www.redenoticia.com.br\/noticia\/wp-json\/wp\/v2\/types\/post"}],"author":[{"embeddable":true,"href":"https:\/\/www.redenoticia.com.br\/noticia\/wp-json\/wp\/v2\/users\/2"}],"replies":[{"embeddable":true,"href":"https:\/\/www.redenoticia.com.br\/noticia\/wp-json\/wp\/v2\/comments?post=110465"}],"version-history":[{"count":0,"href":"https:\/\/www.redenoticia.com.br\/noticia\/wp-json\/wp\/v2\/posts\/110465\/revisions"}],"wp:featuredmedia":[{"embeddable":true,"href":"https:\/\/www.redenoticia.com.br\/noticia\/wp-json\/wp\/v2\/media\/38938"}],"wp:attachment":[{"href":"https:\/\/www.redenoticia.com.br\/noticia\/wp-json\/wp\/v2\/media?parent=110465"}],"wp:term":[{"taxonomy":"category","embeddable":true,"href":"https:\/\/www.redenoticia.com.br\/noticia\/wp-json\/wp\/v2\/categories?post=110465"},{"taxonomy":"post_tag","embeddable":true,"href":"https:\/\/www.redenoticia.com.br\/noticia\/wp-json\/wp\/v2\/tags?post=110465"}],"curies":[{"name":"wp","href":"https:\/\/api.w.org\/{rel}","templated":true}]}}