{"id":110414,"date":"2017-04-03T00:45:59","date_gmt":"2017-04-03T03:45:59","guid":{"rendered":"http:\/\/www.redenoticia.com.br\/noticia\/?p=110414"},"modified":"2017-04-02T18:16:59","modified_gmt":"2017-04-02T21:16:59","slug":"governo-pretende-criar-nova-taxa-para-emprestimos-do-bndes","status":"publish","type":"post","link":"https:\/\/www.redenoticia.com.br\/noticia\/2017\/governo-pretende-criar-nova-taxa-para-emprestimos-do-bndes\/110414","title":{"rendered":"Governo pretende criar nova taxa para empr\u00e9stimos do BNDES"},"content":{"rendered":"<p> O governo vai criar uma nova taxa para os empr\u00e9stimos concedidos pelo Banco Nacional de Desenvolvimento Econ\u00f4mico e Social (BNDES). Nos pr\u00f3ximos dias, ser\u00e1 editada Medida Provis\u00f3ria alterando a remunera\u00e7\u00e3o das <strong><em>opera\u00e7\u00f5es de cr\u00e9dito concedidas pelo BNDES<\/em><\/strong>, instituindo a Taxa de Longo Prazo (TLP) para contratos novos, firmados a partir de 1\u00ba de janeiro de 2018, informou, em nota, o Minist\u00e9rio da Fazenda, em Bras\u00edlia.<\/p>\n<p>A TLP ser\u00e1 composta pela varia\u00e7\u00e3o do \u00cdndice Nacional de Pre\u00e7os ao Consumidor Amplo (IPCA) e por taxa de juros real prefixada mensalmente, de acordo com o equivalente ao rendimento real das Notas do Tesouro Nacional \u2013 S\u00e9rie B (NTN-B) no prazo de cinco anos. A NTN-B reflete o custo de capta\u00e7\u00e3o do Tesouro Nacional, o mais baixo do mercado.<\/p>\n<p>O estoque existente de contratos n\u00e3o sofrer\u00e1 altera\u00e7\u00e3o, continuar\u00e1 sendo atualizado pela Taxa de Juros de Longo Prazo (TJLP), que permanecer\u00e1 sendo calculada e divulgada obedecendo aos par\u00e2metros atualmente em vigor.<\/p>\n<p>No dia 1\u00ba janeiro de 2018 a nova taxa ser\u00e1 igualada \u00e0 TJLP vigente, n\u00e3o representando nenhuma descontinuidade. A partir de ent\u00e3o, a TLP seguir\u00e1 a nova sistem\u00e1tica, convergindo gradualmente no prazo de cinco anos para a remunera\u00e7\u00e3o integral da NTN-B, acrescentou o Minist\u00e9rio da Fazenda.<\/p>\n<p> Informou, ainda, que nova taxa vai  ampliar a previsibilidade e seguran\u00e7a dos contratos. &#8220;Definida em fun\u00e7\u00e3o de uma taxa de mercado, a TLP ter\u00e1 uma taxa de juros real definida mensalmente, que servir\u00e1 para todos os contratos firmados pelo BNDES naquele per\u00edodo, os quais variar\u00e3o, ao longo de sua maturidade, no contrato e com varia\u00e7\u00e3o apenas em fun\u00e7\u00e3o da taxa de infla\u00e7\u00e3o&#8221;, disse.<\/p>\n<p>Outra vantagem apontada pelo minist\u00e9rio \u00e9 o fomento do financiamento privado de longo prazo. &#8220;O aumento dos financiamentos privados ir\u00e1 gerar mais investimentos e, consequentemente, mais empregos&#8221;.<\/p>\n<p>O minist\u00e9rio tamb\u00e9m considera que a taxa vai contribuir para a queda da taxa de juros da economia. &#8220;A TLP, calculada como par\u00e2metro de mercado, ampliar\u00e1 a pot\u00eancia da pol\u00edtica monet\u00e1ria [defini\u00e7\u00f5es das taxas de juros], contribuindo para o controle da infla\u00e7\u00e3o ao menor custo para a sociedade&#8221;, disse.<\/p>\n<p>Equil\u00edbrio fiscal<\/p>\n<p>O minist\u00e9rio acrescentou que a taxa ir\u00e1 contribuir para o equil\u00edbrio fiscal. &#8220;A TLP reduz os subs\u00eddios impl\u00edcitos do Tesouro para o BNDES, resultando em uma din\u00e2mica fiscal mais favor\u00e1vel, transparente e previs\u00edvel, com implica\u00e7\u00f5es positivas e significativas sobre a din\u00e2mica da d\u00edvida p\u00fablica&#8221;, acrescentou. <\/p>\n<p>Por fim, o Minist\u00e9rio da Fazenda disse que a nova taxa vai permitir ao BNDES ampliar a atua\u00e7\u00e3o de forma integrada ao mercado de capitais.<\/p>\n<p>&#8220;Com a TLP, o BNDES ter\u00e1 condi\u00e7\u00f5es de securitizar os respectivos cr\u00e9ditos, angariando mais recursos para o financiamento de projetos de longo prazo junto ao mercado de capitais. O BNDES continuar\u00e1 podendo oferecer prazos longos e adequados aos investimentos&#8221;, finalizou.<\/p>\n<p>Kelly Oliveira &#8211; Rep\u00f3rter da Ag\u00eancia Brasil<br \/>\nEdi\u00e7\u00e3o: Kleber Sampaio<br \/>\n03\/04\/2017<\/p>\n","protected":false},"excerpt":{"rendered":"<p>O governo vai criar uma nova taxa para os empr\u00e9stimos concedidos pelo Banco Nacional de Desenvolvimento Econ\u00f4mico e Social (BNDES). Nos pr\u00f3ximos dias, ser\u00e1 editada Medida Provis\u00f3ria alterando a remunera\u00e7\u00e3o das opera\u00e7\u00f5es de cr\u00e9dito concedidas pelo BNDES, instituindo a Taxa de Longo Prazo (TLP) para contratos novos, firmados a partir de 1\u00ba de janeiro de [&hellip;]<\/p>\n","protected":false},"author":2,"featured_media":57583,"comment_status":"open","ping_status":"closed","sticky":false,"template":"","format":"standard","meta":{"_genesis_hide_title":false,"_genesis_hide_breadcrumbs":false,"_genesis_hide_singular_image":false,"_genesis_hide_footer_widgets":false,"_genesis_custom_body_class":"","_genesis_custom_post_class":"","_genesis_layout":"","_jetpack_memberships_contains_paid_content":false,"footnotes":""},"categories":[22,7],"tags":[],"class_list":{"0":"post-110414","1":"post","2":"type-post","3":"status-publish","4":"format-standard","5":"has-post-thumbnail","7":"category-brasil","8":"category-economia","9":"entry","10":"gs-1","11":"gs-odd","12":"gs-even","13":"gs-featured-content-entry"},"jetpack_featured_media_url":"https:\/\/www.redenoticia.com.br\/noticia\/imagens\/economia-grafico.jpg","jetpack_sharing_enabled":true,"jetpack_likes_enabled":true,"_links":{"self":[{"href":"https:\/\/www.redenoticia.com.br\/noticia\/wp-json\/wp\/v2\/posts\/110414","targetHints":{"allow":["GET"]}}],"collection":[{"href":"https:\/\/www.redenoticia.com.br\/noticia\/wp-json\/wp\/v2\/posts"}],"about":[{"href":"https:\/\/www.redenoticia.com.br\/noticia\/wp-json\/wp\/v2\/types\/post"}],"author":[{"embeddable":true,"href":"https:\/\/www.redenoticia.com.br\/noticia\/wp-json\/wp\/v2\/users\/2"}],"replies":[{"embeddable":true,"href":"https:\/\/www.redenoticia.com.br\/noticia\/wp-json\/wp\/v2\/comments?post=110414"}],"version-history":[{"count":0,"href":"https:\/\/www.redenoticia.com.br\/noticia\/wp-json\/wp\/v2\/posts\/110414\/revisions"}],"wp:featuredmedia":[{"embeddable":true,"href":"https:\/\/www.redenoticia.com.br\/noticia\/wp-json\/wp\/v2\/media\/57583"}],"wp:attachment":[{"href":"https:\/\/www.redenoticia.com.br\/noticia\/wp-json\/wp\/v2\/media?parent=110414"}],"wp:term":[{"taxonomy":"category","embeddable":true,"href":"https:\/\/www.redenoticia.com.br\/noticia\/wp-json\/wp\/v2\/categories?post=110414"},{"taxonomy":"post_tag","embeddable":true,"href":"https:\/\/www.redenoticia.com.br\/noticia\/wp-json\/wp\/v2\/tags?post=110414"}],"curies":[{"name":"wp","href":"https:\/\/api.w.org\/{rel}","templated":true}]}}