{"id":110412,"date":"2017-04-03T00:44:55","date_gmt":"2017-04-03T03:44:55","guid":{"rendered":"http:\/\/www.redenoticia.com.br\/noticia\/?p=110412"},"modified":"2017-04-02T18:15:54","modified_gmt":"2017-04-02T21:15:54","slug":"governo-reduz-taxa-de-juros-de-emprestimos-consignados","status":"publish","type":"post","link":"https:\/\/www.redenoticia.com.br\/noticia\/2017\/governo-reduz-taxa-de-juros-de-emprestimos-consignados\/110412","title":{"rendered":"Governo reduz taxa de juros de empr\u00e9stimos consignados"},"content":{"rendered":"<p> Ap\u00f3s quatro cortes consecutivos na taxa b\u00e1sica de juros da economia, o governo federal reduziu os valores m\u00e1ximos dos juros cobrados em <strong><em>empr\u00e9stimos consignados<\/em><\/strong> para servidores p\u00fablicos federais, aposentados e pensionistas. Desde que foi criado, em 2008, esta \u00e9 a primeira vez que o teto desse tipo de taxa de juros \u00e9 reduzido para servidores p\u00fablicos da Uni\u00e3o.<\/p>\n<p> De acordo com o Minist\u00e9rio do Planejamento, Or\u00e7amento e Gest\u00e3o, o valor para os servidores cair\u00e1 de 34,5% ao ano para 29,8% ao ano. Mensalmente, o teto ter\u00e1 uma redu\u00e7\u00e3o de 2,5% para 2,2%.<\/p>\n<p>J\u00e1 os empr\u00e9stimos feitos por aposentados e pensionistas ter\u00e3o queda de 32% para 28,9% anualmente, e de 2,34% para 2,14% a cada m\u00eas. Segundo o governo, o corte vale tamb\u00e9m para opera\u00e7\u00f5es feitas por cart\u00e3o de cr\u00e9dito.<\/p>\n<p>Com as mudan\u00e7as, a equipe econ\u00f4mica do governo estima que ser\u00e3o cobrados R$ 3,7 bilh\u00f5es a menos nas opera\u00e7\u00f5es de cr\u00e9dito de 2017. A previs\u00e3o considera que ser\u00e1 concedido este ano o mesmo n\u00famero de empr\u00e9stimos de 2016.<\/p>\n<p>&#8220;A redu\u00e7\u00e3o do teto das taxas de juros permitir\u00e1 que servidores p\u00fablicos, aposentados e pensionistas, que tenham d\u00edvidas caras, pagando at\u00e9 15,88% ao m\u00eas em cart\u00e3o de cr\u00e9dito rotativo, substituam esse cr\u00e9dito pelo consignado, passando a pagar bem menos&#8221;, informou o \u00f3rg\u00e3o, por meio de nota.<\/p>\n<p>Paulo Victor Chagas &#8211; Rep\u00f3rter da Ag\u00eancia Brasil<br \/>\nEdi\u00e7\u00e3o: Amanda Cieglinski<br \/>\n03\/04\/2017<\/p>\n","protected":false},"excerpt":{"rendered":"<p>Ap\u00f3s quatro cortes consecutivos na taxa b\u00e1sica de juros da economia, o governo federal reduziu os valores m\u00e1ximos dos juros cobrados em empr\u00e9stimos consignados para servidores p\u00fablicos federais, aposentados e pensionistas. Desde que foi criado, em 2008, esta \u00e9 a primeira vez que o teto desse tipo de taxa de juros \u00e9 reduzido para servidores [&hellip;]<\/p>\n","protected":false},"author":2,"featured_media":57584,"comment_status":"open","ping_status":"closed","sticky":false,"template":"","format":"standard","meta":{"_genesis_hide_title":false,"_genesis_hide_breadcrumbs":false,"_genesis_hide_singular_image":false,"_genesis_hide_footer_widgets":false,"_genesis_custom_body_class":"","_genesis_custom_post_class":"","_genesis_layout":"","_jetpack_memberships_contains_paid_content":false,"footnotes":""},"categories":[22,7],"tags":[],"class_list":{"0":"post-110412","1":"post","2":"type-post","3":"status-publish","4":"format-standard","5":"has-post-thumbnail","7":"category-brasil","8":"category-economia","9":"entry","10":"gs-1","11":"gs-odd","12":"gs-even","13":"gs-featured-content-entry"},"jetpack_featured_media_url":"https:\/\/www.redenoticia.com.br\/noticia\/imagens\/economia-grafica-analise-inflacao.jpg","jetpack_sharing_enabled":true,"jetpack_likes_enabled":true,"_links":{"self":[{"href":"https:\/\/www.redenoticia.com.br\/noticia\/wp-json\/wp\/v2\/posts\/110412","targetHints":{"allow":["GET"]}}],"collection":[{"href":"https:\/\/www.redenoticia.com.br\/noticia\/wp-json\/wp\/v2\/posts"}],"about":[{"href":"https:\/\/www.redenoticia.com.br\/noticia\/wp-json\/wp\/v2\/types\/post"}],"author":[{"embeddable":true,"href":"https:\/\/www.redenoticia.com.br\/noticia\/wp-json\/wp\/v2\/users\/2"}],"replies":[{"embeddable":true,"href":"https:\/\/www.redenoticia.com.br\/noticia\/wp-json\/wp\/v2\/comments?post=110412"}],"version-history":[{"count":0,"href":"https:\/\/www.redenoticia.com.br\/noticia\/wp-json\/wp\/v2\/posts\/110412\/revisions"}],"wp:featuredmedia":[{"embeddable":true,"href":"https:\/\/www.redenoticia.com.br\/noticia\/wp-json\/wp\/v2\/media\/57584"}],"wp:attachment":[{"href":"https:\/\/www.redenoticia.com.br\/noticia\/wp-json\/wp\/v2\/media?parent=110412"}],"wp:term":[{"taxonomy":"category","embeddable":true,"href":"https:\/\/www.redenoticia.com.br\/noticia\/wp-json\/wp\/v2\/categories?post=110412"},{"taxonomy":"post_tag","embeddable":true,"href":"https:\/\/www.redenoticia.com.br\/noticia\/wp-json\/wp\/v2\/tags?post=110412"}],"curies":[{"name":"wp","href":"https:\/\/api.w.org\/{rel}","templated":true}]}}