{"id":110410,"date":"2017-04-03T00:43:49","date_gmt":"2017-04-03T03:43:49","guid":{"rendered":"http:\/\/www.redenoticia.com.br\/noticia\/?p=110410"},"modified":"2017-04-02T18:14:49","modified_gmt":"2017-04-02T21:14:49","slug":"atividade-economica-inicia-ano-com-queda-de-026-diz-banco-central","status":"publish","type":"post","link":"https:\/\/www.redenoticia.com.br\/noticia\/2017\/atividade-economica-inicia-ano-com-queda-de-026-diz-banco-central\/110410","title":{"rendered":"Atividade econ\u00f4mica inicia ano com queda de 0,26%, diz Banco Central"},"content":{"rendered":"<p> A <strong><em>atividade econ\u00f4mica<\/em><\/strong> iniciou o ano em queda. De acordo com dados divulgados pelo Banco Central (BC), na internet, o \u00cdndice de Atividade Econ\u00f4mica do Banco Central (IBC-Br) dessazonalizado (ajustado para o per\u00edodo) registrou retra\u00e7\u00e3o de 0,26%, em janeiro, comparado a dezembro.<\/p>\n<p>A queda segue em ritmo um pouco menor do que em dezembro, quando ficou em 0,32% comparado a novembro. O resultado de janeiro mostra o s\u00e9timo m\u00eas seguido de retra\u00e7\u00e3o da economia.<\/p>\n<p>Na compara\u00e7\u00e3o com janeiro de 2016, houve queda de 4,61%, de acordo com os dados sem ajustes j\u00e1 que a compara\u00e7\u00e3o \u00e9 entre per\u00edodos iguais.<\/p>\n<p>Em 12 meses encerrados em janeiro, houve retra\u00e7\u00e3o 3,99%, nos dados sem ajuste.<\/p>\n<p>O IBC-Br \u00e9 uma forma de avaliar a evolu\u00e7\u00e3o da atividade econ\u00f4mica brasileira e ajuda o BC a tomar suas decis\u00f5es sobre a taxa b\u00e1sica de juros, a Selic.<\/p>\n<p>O \u00edndice incorpora informa\u00e7\u00f5es sobre o n\u00edvel de atividade dos tr\u00eas setores da economia: ind\u00fastria, com\u00e9rcio e servi\u00e7os e agropecu\u00e1ria, al\u00e9m do volume de impostos. Mas o indicador oficial sobre o desempenho da economia \u00e9 o Produto Interno Bruto (PIB), &#8211;  a soma de todas as riquezas produzidas no pa\u00eds -, calculado pelo Instituto Brasileiro de Geografia e Estat\u00edstica (IBGE).<\/p>\n<p>Kelly Oliveira &#8211; Rep\u00f3rter da Ag\u00eancia Brasil<br \/>\nEdi\u00e7\u00e3o: Val\u00e9ria Aguiar<br \/>\n03\/04\/2017<\/p>\n","protected":false},"excerpt":{"rendered":"<p>A atividade econ\u00f4mica iniciou o ano em queda. De acordo com dados divulgados pelo Banco Central (BC), na internet, o \u00cdndice de Atividade Econ\u00f4mica do Banco Central (IBC-Br) dessazonalizado (ajustado para o per\u00edodo) registrou retra\u00e7\u00e3o de 0,26%, em janeiro, comparado a dezembro. A queda segue em ritmo um pouco menor do que em dezembro, quando [&hellip;]<\/p>\n","protected":false},"author":2,"featured_media":38938,"comment_status":"open","ping_status":"closed","sticky":false,"template":"","format":"standard","meta":{"_genesis_hide_title":false,"_genesis_hide_breadcrumbs":false,"_genesis_hide_singular_image":false,"_genesis_hide_footer_widgets":false,"_genesis_custom_body_class":"","_genesis_custom_post_class":"","_genesis_layout":"","_jetpack_memberships_contains_paid_content":false,"footnotes":""},"categories":[22,7],"tags":[],"class_list":{"0":"post-110410","1":"post","2":"type-post","3":"status-publish","4":"format-standard","5":"has-post-thumbnail","7":"category-brasil","8":"category-economia","9":"entry","10":"gs-1","11":"gs-odd","12":"gs-even","13":"gs-featured-content-entry"},"jetpack_featured_media_url":"https:\/\/www.redenoticia.com.br\/noticia\/imagens\/economia1.jpg","jetpack_sharing_enabled":true,"jetpack_likes_enabled":true,"_links":{"self":[{"href":"https:\/\/www.redenoticia.com.br\/noticia\/wp-json\/wp\/v2\/posts\/110410","targetHints":{"allow":["GET"]}}],"collection":[{"href":"https:\/\/www.redenoticia.com.br\/noticia\/wp-json\/wp\/v2\/posts"}],"about":[{"href":"https:\/\/www.redenoticia.com.br\/noticia\/wp-json\/wp\/v2\/types\/post"}],"author":[{"embeddable":true,"href":"https:\/\/www.redenoticia.com.br\/noticia\/wp-json\/wp\/v2\/users\/2"}],"replies":[{"embeddable":true,"href":"https:\/\/www.redenoticia.com.br\/noticia\/wp-json\/wp\/v2\/comments?post=110410"}],"version-history":[{"count":0,"href":"https:\/\/www.redenoticia.com.br\/noticia\/wp-json\/wp\/v2\/posts\/110410\/revisions"}],"wp:featuredmedia":[{"embeddable":true,"href":"https:\/\/www.redenoticia.com.br\/noticia\/wp-json\/wp\/v2\/media\/38938"}],"wp:attachment":[{"href":"https:\/\/www.redenoticia.com.br\/noticia\/wp-json\/wp\/v2\/media?parent=110410"}],"wp:term":[{"taxonomy":"category","embeddable":true,"href":"https:\/\/www.redenoticia.com.br\/noticia\/wp-json\/wp\/v2\/categories?post=110410"},{"taxonomy":"post_tag","embeddable":true,"href":"https:\/\/www.redenoticia.com.br\/noticia\/wp-json\/wp\/v2\/tags?post=110410"}],"curies":[{"name":"wp","href":"https:\/\/api.w.org\/{rel}","templated":true}]}}