{"id":110240,"date":"2017-03-31T00:16:44","date_gmt":"2017-03-31T03:16:44","guid":{"rendered":"http:\/\/www.redenoticia.com.br\/noticia\/?p=110240"},"modified":"2017-03-30T16:47:41","modified_gmt":"2017-03-30T19:47:41","slug":"governo-central-registra-deficit-de-r-26-bilhoes-em-fevereiro","status":"publish","type":"post","link":"https:\/\/www.redenoticia.com.br\/noticia\/2017\/governo-central-registra-deficit-de-r-26-bilhoes-em-fevereiro\/110240","title":{"rendered":"Governo Central registra d\u00e9ficit de R$ 26 bilh\u00f5es em fevereiro"},"content":{"rendered":"<p> O aumento da transfer\u00eancia para estados e munic\u00edpios fez o Governo Central registrar o maior <strong><em>d\u00e9ficit prim\u00e1rio<\/em><\/strong> da hist\u00f3ria para meses de fevereiro. No m\u00eas passado, o Tesouro Nacional, a Previd\u00eancia Social e o Banco Central gastaram R$ 26,263 bilh\u00f5es a mais do que arrecadaram, desconsiderando o pagamento dos juros da d\u00edvida p\u00fablica.<\/p>\n<p>Com o resultado de fevereiro, o d\u00e9ficit prim\u00e1rio acumulado nos dois primeiros meses do ano soma R$ 7,222 bilh\u00f5es. O resultado \u00e9 o segundo maior da hist\u00f3ria para o per\u00edodo, perdendo apenas para o primeiro bimestre do ano passado, quando o resultado negativo tinha somado R$ 10,167 bilh\u00f5es.<\/p>\n<p>De acordo com o Tesouro Nacional, a concentra\u00e7\u00e3o dos repasses para os estados e os munic\u00edpios nos primeiros dez dias de fevereiro influenciou o resultado. No fim de janeiro, a Uni\u00e3o registrou uma arrecada\u00e7\u00e3o forte por causa do pagamento de Imposto de Renda das empresas. O dinheiro s\u00f3 foi repartido com as prefeituras e os governos estaduais em fevereiro, reduzindo a receita l\u00edquida do Governo Central.<\/p>\n<p> Em fevereiro, as receitas l\u00edquidas ca\u00edram 2,2%, descontada a infla\u00e7\u00e3o oficial pelo \u00cdndice Nacional de Pre\u00e7os ao Consumidor Amplo (IPCA) em rela\u00e7\u00e3o ao mesmo m\u00eas do ano passado. As despesas totais tamb\u00e9m ca\u00edram, mas em ritmo menor: apenas 1,5%, descontado o IPCA. Nos dois primeiros meses do ano, as receitas l\u00edquidas acumulam queda real (descontada a infla\u00e7\u00e3o) de 6,6%; e os gastos, retra\u00e7\u00e3o real de 7,9%.<\/p>\n<p>Mesmo com a queda nas despesas totais, as despesas com a Previd\u00eancia Social acumulam alta de 6% acima da infla\u00e7\u00e3o em janeiro e fevereiro. Os gastos com o funcionalismo p\u00fablico subiram 7% acima da infla\u00e7\u00e3o no mesmo per\u00edodo. A queda nas despesas totais s\u00f3 ocorreu porque os gastos com custeio (manuten\u00e7\u00e3o da m\u00e1quina p\u00fablica) ca\u00edram 24%, descontada a infla\u00e7\u00e3o no primeiro bimestre, e os gastos com investimento (obras p\u00fablicas e compra de equipamentos) apresentaram queda real de 70,5%.<\/p>\n<p>Investimentos<\/p>\n<p>Nos dois primeiros meses do ano, os investimentos somaram R$ 2,968 bilh\u00f5es, contra R$ 9,583 bilh\u00f5es registrados no mesmo per\u00edodo de 2016. Os gastos do Programa de Acelera\u00e7\u00e3o do Crescimento (PAC), principal programa federal de investimentos, totalizaram R$ 1,936 bilh\u00e3o, queda real de 73,5% em rela\u00e7\u00e3o aos R$ 6,962 bilh\u00f5es gastos no mesmo per\u00edodo do ano passado.<\/p>\n<p>Em rela\u00e7\u00e3o ao Minha Casa, Minha Vida, principal programa habitacional do governo federal, os gastos somaram R$ 159,8 milh\u00f5es em janeiro e fevereiro, valor 87,2% inferior aos R$ 1,25 bilh\u00e3o registrado nos dois primeiros meses do ano passado, tamb\u00e9m descontada a infla\u00e7\u00e3o pelo IPCA.<\/p>\n<p>Wellton M\u00e1ximo &#8211; Rep\u00f3rter da Ag\u00eancia Brasil<br \/>\nEdi\u00e7\u00e3o: Luana Louren\u00e7o<br \/>\n31\/03\/2017<\/p>\n","protected":false},"excerpt":{"rendered":"<p>O aumento da transfer\u00eancia para estados e munic\u00edpios fez o Governo Central registrar o maior d\u00e9ficit prim\u00e1rio da hist\u00f3ria para meses de fevereiro. No m\u00eas passado, o Tesouro Nacional, a Previd\u00eancia Social e o Banco Central gastaram R$ 26,263 bilh\u00f5es a mais do que arrecadaram, desconsiderando o pagamento dos juros da d\u00edvida p\u00fablica. Com o [&hellip;]<\/p>\n","protected":false},"author":2,"featured_media":57583,"comment_status":"open","ping_status":"closed","sticky":false,"template":"","format":"standard","meta":{"_genesis_hide_title":false,"_genesis_hide_breadcrumbs":false,"_genesis_hide_singular_image":false,"_genesis_hide_footer_widgets":false,"_genesis_custom_body_class":"","_genesis_custom_post_class":"","_genesis_layout":"","_jetpack_memberships_contains_paid_content":false,"footnotes":""},"categories":[22,7],"tags":[],"class_list":{"0":"post-110240","1":"post","2":"type-post","3":"status-publish","4":"format-standard","5":"has-post-thumbnail","7":"category-brasil","8":"category-economia","9":"entry","10":"gs-1","11":"gs-odd","12":"gs-even","13":"gs-featured-content-entry"},"jetpack_featured_media_url":"https:\/\/www.redenoticia.com.br\/noticia\/imagens\/economia-grafico.jpg","jetpack_sharing_enabled":true,"jetpack_likes_enabled":true,"_links":{"self":[{"href":"https:\/\/www.redenoticia.com.br\/noticia\/wp-json\/wp\/v2\/posts\/110240","targetHints":{"allow":["GET"]}}],"collection":[{"href":"https:\/\/www.redenoticia.com.br\/noticia\/wp-json\/wp\/v2\/posts"}],"about":[{"href":"https:\/\/www.redenoticia.com.br\/noticia\/wp-json\/wp\/v2\/types\/post"}],"author":[{"embeddable":true,"href":"https:\/\/www.redenoticia.com.br\/noticia\/wp-json\/wp\/v2\/users\/2"}],"replies":[{"embeddable":true,"href":"https:\/\/www.redenoticia.com.br\/noticia\/wp-json\/wp\/v2\/comments?post=110240"}],"version-history":[{"count":0,"href":"https:\/\/www.redenoticia.com.br\/noticia\/wp-json\/wp\/v2\/posts\/110240\/revisions"}],"wp:featuredmedia":[{"embeddable":true,"href":"https:\/\/www.redenoticia.com.br\/noticia\/wp-json\/wp\/v2\/media\/57583"}],"wp:attachment":[{"href":"https:\/\/www.redenoticia.com.br\/noticia\/wp-json\/wp\/v2\/media?parent=110240"}],"wp:term":[{"taxonomy":"category","embeddable":true,"href":"https:\/\/www.redenoticia.com.br\/noticia\/wp-json\/wp\/v2\/categories?post=110240"},{"taxonomy":"post_tag","embeddable":true,"href":"https:\/\/www.redenoticia.com.br\/noticia\/wp-json\/wp\/v2\/tags?post=110240"}],"curies":[{"name":"wp","href":"https:\/\/api.w.org\/{rel}","templated":true}]}}