{"id":110238,"date":"2017-03-31T00:15:36","date_gmt":"2017-03-31T03:15:36","guid":{"rendered":"http:\/\/www.redenoticia.com.br\/noticia\/?p=110238"},"modified":"2017-03-30T16:46:38","modified_gmt":"2017-03-30T19:46:38","slug":"indicador-de-nivel-de-atividade-da-industria-paulista-cai-05-em-fevereiro","status":"publish","type":"post","link":"https:\/\/www.redenoticia.com.br\/noticia\/2017\/indicador-de-nivel-de-atividade-da-industria-paulista-cai-05-em-fevereiro\/110238","title":{"rendered":"Indicador de n\u00edvel de atividade da ind\u00fastria paulista cai 0,5% em fevereiro"},"content":{"rendered":"<p> O <strong><em>Indicador de N\u00edvel de Atividade<\/em><\/strong> (INA) da ind\u00fastria paulista caiu 0,5% em fevereiro na compara\u00e7\u00e3o com janeiro, sem considerar as influ\u00eancias sazonais, informou a Federa\u00e7\u00e3o das Ind\u00fastrias do Estado de S\u00e3o Paulo (Fiesp). Na compara\u00e7\u00e3o com o mesmo m\u00eas do ano passado, a queda foi de 5,1%.<\/p>\n<p>Segundo a Fiesp, a queda na compara\u00e7\u00e3o com fevereiro de 2016 pode ser explicada pelo fato de 2016 ter sido bisexto, portanto com um dia \u00fatil a mais no m\u00eas de refer\u00eancia. No acumulado dos \u00faltimos 12 meses, o indicador apresentou queda de 7,8%, sem o ajuste sazonal.<\/p>\n<p>\u201cOs dados de fevereiro n\u00e3o anulam os saldos de dezembro e janeiro, que apresentaram altas de 3,5% e 0,1%, respectivamente. Por\u00e9m, a recupera\u00e7\u00e3o ainda ser\u00e1 lenta, gradual e turbulenta. N\u00e3o devemos nos surpreender com solavancos\u201d, disse Paulo Francini, diretor do Departamento de Pesquisas e Estudos Econ\u00f4micos da Fiesp. Francini aposta em crescimento da atividade industrial de 1,2% para este ano.<\/p>\n<p>O INA \u00e9 um indicador que acompanha o total de vendas reais, as horas trabalhadas na produ\u00e7\u00e3o e a utiliza\u00e7\u00e3o da capacidade instalada da ind\u00fastria de transforma\u00e7\u00e3o paulista.<\/p>\n<p>Sensor<\/p>\n<p>A Fiesp tamb\u00e9m divulgou hoje o Sensor, pesquisa qualitativa de conjuntura econ\u00f4mica. Nesta pesquisa, as empresas respondem quest\u00f5es relativas ao mercado, vendas, exporta\u00e7\u00e3o, estoques, emprego e investimento. As respostas recebem pontua\u00e7\u00e3o que varia de 0 a 100. Resultados acima de 50 pontos revelam expectativa positiva na compara\u00e7\u00e3o com o m\u00eas anterior e abaixo de 50 pontos, expectativa negativa.<\/p>\n<p>Segundo a pesquisa, a expectativa dos empres\u00e1rios para o m\u00eas de mar\u00e7o atingiu 50,5 pontos, ante 50,6 pontos em fevereiro.<\/p>\n<p>Dos indicadores que comp\u00f5em o Sensor, o emprego foi o destaque, atingindo o maior n\u00edvel desde novembro de 2010: 53,7 pontos, com avan\u00e7o de 1,3 ante os 52,4 de fevereiro. Resultados acima dos 50 pontos indicam expectativa de admiss\u00f5es para o m\u00eas.<\/p>\n<p>J\u00e1 o indicador de vendas apresentou queda de 5,7 pontos, passando de 55 para 49,3 pontos.<\/p>\n<p>Elaine Patricia Cruz \u2013 Rep\u00f3rter da Ag\u00eancia Brasil<br \/>\nEdi\u00e7\u00e3o: Denise Griesinger<br \/>\n31\/03\/2017<\/p>\n","protected":false},"excerpt":{"rendered":"<p>O Indicador de N\u00edvel de Atividade (INA) da ind\u00fastria paulista caiu 0,5% em fevereiro na compara\u00e7\u00e3o com janeiro, sem considerar as influ\u00eancias sazonais, informou a Federa\u00e7\u00e3o das Ind\u00fastrias do Estado de S\u00e3o Paulo (Fiesp). Na compara\u00e7\u00e3o com o mesmo m\u00eas do ano passado, a queda foi de 5,1%. Segundo a Fiesp, a queda na compara\u00e7\u00e3o [&hellip;]<\/p>\n","protected":false},"author":2,"featured_media":38938,"comment_status":"open","ping_status":"closed","sticky":false,"template":"","format":"standard","meta":{"_genesis_hide_title":false,"_genesis_hide_breadcrumbs":false,"_genesis_hide_singular_image":false,"_genesis_hide_footer_widgets":false,"_genesis_custom_body_class":"","_genesis_custom_post_class":"","_genesis_layout":"","_jetpack_memberships_contains_paid_content":false,"footnotes":""},"categories":[22,7],"tags":[],"class_list":{"0":"post-110238","1":"post","2":"type-post","3":"status-publish","4":"format-standard","5":"has-post-thumbnail","7":"category-brasil","8":"category-economia","9":"entry","10":"gs-1","11":"gs-odd","12":"gs-even","13":"gs-featured-content-entry"},"jetpack_featured_media_url":"https:\/\/www.redenoticia.com.br\/noticia\/imagens\/economia1.jpg","jetpack_sharing_enabled":true,"jetpack_likes_enabled":true,"_links":{"self":[{"href":"https:\/\/www.redenoticia.com.br\/noticia\/wp-json\/wp\/v2\/posts\/110238","targetHints":{"allow":["GET"]}}],"collection":[{"href":"https:\/\/www.redenoticia.com.br\/noticia\/wp-json\/wp\/v2\/posts"}],"about":[{"href":"https:\/\/www.redenoticia.com.br\/noticia\/wp-json\/wp\/v2\/types\/post"}],"author":[{"embeddable":true,"href":"https:\/\/www.redenoticia.com.br\/noticia\/wp-json\/wp\/v2\/users\/2"}],"replies":[{"embeddable":true,"href":"https:\/\/www.redenoticia.com.br\/noticia\/wp-json\/wp\/v2\/comments?post=110238"}],"version-history":[{"count":0,"href":"https:\/\/www.redenoticia.com.br\/noticia\/wp-json\/wp\/v2\/posts\/110238\/revisions"}],"wp:featuredmedia":[{"embeddable":true,"href":"https:\/\/www.redenoticia.com.br\/noticia\/wp-json\/wp\/v2\/media\/38938"}],"wp:attachment":[{"href":"https:\/\/www.redenoticia.com.br\/noticia\/wp-json\/wp\/v2\/media?parent=110238"}],"wp:term":[{"taxonomy":"category","embeddable":true,"href":"https:\/\/www.redenoticia.com.br\/noticia\/wp-json\/wp\/v2\/categories?post=110238"},{"taxonomy":"post_tag","embeddable":true,"href":"https:\/\/www.redenoticia.com.br\/noticia\/wp-json\/wp\/v2\/tags?post=110238"}],"curies":[{"name":"wp","href":"https:\/\/api.w.org\/{rel}","templated":true}]}}