{"id":110236,"date":"2017-03-31T00:14:40","date_gmt":"2017-03-31T03:14:40","guid":{"rendered":"http:\/\/www.redenoticia.com.br\/noticia\/?p=110236"},"modified":"2017-03-30T16:45:31","modified_gmt":"2017-03-30T19:45:31","slug":"indice-que-reajusta-aluguel-sobe-486-em-12-meses","status":"publish","type":"post","link":"https:\/\/www.redenoticia.com.br\/noticia\/2017\/indice-que-reajusta-aluguel-sobe-486-em-12-meses\/110236","title":{"rendered":"\u00cdndice que reajusta aluguel sobe 4,86% em 12 meses"},"content":{"rendered":"<p> O <strong><em>\u00cdndice Geral de Pre\u00e7os -Mercado<\/em><\/strong> (IGP-M), usado no reajuste de alugueis, registrou alta de 4,86% no acumulado de 12 meses. O \u00edndice variou 0,01% em mar\u00e7o, mostrando queda em rela\u00e7\u00e3o a fevereiro, quando ficou em 0,08%.<\/p>\n<p>Os dados foram divulgados em S\u00e3o Paulo, pelo Instituto Brasileiro de Economia da Funda\u00e7\u00e3o Getulio Vargas (Ibre-FGV). Segundo o levantamento, em mar\u00e7o de 2016, \u00edndice ficou em 0,51%. No acumulado dos primeiros tr\u00eas meses de 2017, apresentou varia\u00e7\u00e3o de 0,74%.<\/p>\n<p>O \u00cdndice de Pre\u00e7os ao Produtor Amplo (IPA) teve varia\u00e7\u00e3o de -0,17%. No m\u00eas anterior, a taxa foi de -0,09%. O \u00edndice relativo aos Bens Finais variou -0,08%, em mar\u00e7o. Em fevereiro, esse grupo de produtos mostrou varia\u00e7\u00e3o de -0,61%.<\/p>\n<p>Queda afeta tr\u00eas setores<\/p>\n<p>O \u00cdndice de Pre\u00e7os ao Consumidor (IPC) registrou varia\u00e7\u00e3o de 0,38% em mar\u00e7o, ante 0,39% de fevereiro. Tr\u00eas das oito classes de despesa tiveram decr\u00e9scimo, sendo que a principal foi Educa\u00e7\u00e3o, Leitura e Recrea\u00e7\u00e3o (2,15% para -0,29%).<\/p>\n<p>Tamb\u00e9m houve decr\u00e9scimo no grupo Transportes (0,51% para 0,15%), com destaque para \u00f4nibus urbano (1,13% para 0,42%); e no grupo Comunica\u00e7\u00e3o (0,28% para -0,69%), com resultado relevante da tarifa de telefone residencial (-0,11% para -2,70%).<\/p>\n<p>Registraram acr\u00e9scimo os grupos: Alimenta\u00e7\u00e3o (-0,22% para 0,40%), Habita\u00e7\u00e3o (0,44% para 0,84%), Despesas diversas (0,35% para 0,76%), Sa\u00fade e Cuidados pessoais (0,47% para 0,56%) e Vestu\u00e1rio (-0,05% para 0,22%).<\/p>\n<p>Fernanda Cruz &#8211; Rep\u00f3rter da Ag\u00eancia Brasil<br \/>\nEdi\u00e7\u00e3o: Kleber Sampaio<br \/>\n31\/03\/2017<\/p>\n","protected":false},"excerpt":{"rendered":"<p>O \u00cdndice Geral de Pre\u00e7os -Mercado (IGP-M), usado no reajuste de alugueis, registrou alta de 4,86% no acumulado de 12 meses. O \u00edndice variou 0,01% em mar\u00e7o, mostrando queda em rela\u00e7\u00e3o a fevereiro, quando ficou em 0,08%. Os dados foram divulgados em S\u00e3o Paulo, pelo Instituto Brasileiro de Economia da Funda\u00e7\u00e3o Getulio Vargas (Ibre-FGV). Segundo [&hellip;]<\/p>\n","protected":false},"author":2,"featured_media":57584,"comment_status":"open","ping_status":"closed","sticky":false,"template":"","format":"standard","meta":{"_genesis_hide_title":false,"_genesis_hide_breadcrumbs":false,"_genesis_hide_singular_image":false,"_genesis_hide_footer_widgets":false,"_genesis_custom_body_class":"","_genesis_custom_post_class":"","_genesis_layout":"","_jetpack_memberships_contains_paid_content":false,"footnotes":""},"categories":[22,7],"tags":[],"class_list":{"0":"post-110236","1":"post","2":"type-post","3":"status-publish","4":"format-standard","5":"has-post-thumbnail","7":"category-brasil","8":"category-economia","9":"entry","10":"gs-1","11":"gs-odd","12":"gs-even","13":"gs-featured-content-entry"},"jetpack_featured_media_url":"https:\/\/www.redenoticia.com.br\/noticia\/imagens\/economia-grafica-analise-inflacao.jpg","jetpack_sharing_enabled":true,"jetpack_likes_enabled":true,"_links":{"self":[{"href":"https:\/\/www.redenoticia.com.br\/noticia\/wp-json\/wp\/v2\/posts\/110236","targetHints":{"allow":["GET"]}}],"collection":[{"href":"https:\/\/www.redenoticia.com.br\/noticia\/wp-json\/wp\/v2\/posts"}],"about":[{"href":"https:\/\/www.redenoticia.com.br\/noticia\/wp-json\/wp\/v2\/types\/post"}],"author":[{"embeddable":true,"href":"https:\/\/www.redenoticia.com.br\/noticia\/wp-json\/wp\/v2\/users\/2"}],"replies":[{"embeddable":true,"href":"https:\/\/www.redenoticia.com.br\/noticia\/wp-json\/wp\/v2\/comments?post=110236"}],"version-history":[{"count":0,"href":"https:\/\/www.redenoticia.com.br\/noticia\/wp-json\/wp\/v2\/posts\/110236\/revisions"}],"wp:featuredmedia":[{"embeddable":true,"href":"https:\/\/www.redenoticia.com.br\/noticia\/wp-json\/wp\/v2\/media\/57584"}],"wp:attachment":[{"href":"https:\/\/www.redenoticia.com.br\/noticia\/wp-json\/wp\/v2\/media?parent=110236"}],"wp:term":[{"taxonomy":"category","embeddable":true,"href":"https:\/\/www.redenoticia.com.br\/noticia\/wp-json\/wp\/v2\/categories?post=110236"},{"taxonomy":"post_tag","embeddable":true,"href":"https:\/\/www.redenoticia.com.br\/noticia\/wp-json\/wp\/v2\/tags?post=110236"}],"curies":[{"name":"wp","href":"https:\/\/api.w.org\/{rel}","templated":true}]}}