{"id":110234,"date":"2017-03-31T00:13:05","date_gmt":"2017-03-31T03:13:05","guid":{"rendered":"http:\/\/www.redenoticia.com.br\/noticia\/?p=110234"},"modified":"2017-03-30T16:44:35","modified_gmt":"2017-03-30T19:44:35","slug":"bc-reduz-projecao-de-crescimento-da-economia-para-05-este-ano","status":"publish","type":"post","link":"https:\/\/www.redenoticia.com.br\/noticia\/2017\/bc-reduz-projecao-de-crescimento-da-economia-para-05-este-ano\/110234","title":{"rendered":"BC reduz proje\u00e7\u00e3o de crescimento da economia para 0,5% este ano"},"content":{"rendered":"<p> O Banco Central (BC) reduziu a proje\u00e7\u00e3o para o <strong><em>crescimento da economia<\/em><\/strong> este ano. A estimativa para a expans\u00e3o do Produto Interno Bruto (PIB), a soma de todos os bens e servi\u00e7os produzidos no pa\u00eds, foi ajustada de 0,8%, estimativa de dezembro, para 0,5%, de acordo com o Relat\u00f3rio de Infla\u00e7\u00e3o divulgado em Bras\u00edlia, no site do BC.<\/p>\n<p>A proje\u00e7\u00e3o para a produ\u00e7\u00e3o da agricultura \u00e9 de aumento de 6,4% ante a estimativa anterior de 4%. No ano passado, houve recuo de 6,6%, o pior resultado j\u00e1 registrado. A estimativa para o desempenho da ind\u00fastria foi revisada de crescimento 0,6% para recuo de 0,1%. Para o setor de servi\u00e7os e com\u00e9rcio, a expectativa de crescimento passou de 0,4% para 0,1%.<\/p>\n<p>A proje\u00e7\u00e3o para a expans\u00e3o do consumo das fam\u00edlias foi revisada de 0,4% para 0,5%, ap\u00f3s queda de 4,2% em 2016, pior resultado j\u00e1 anotado. \u201cEsse cen\u00e1rio repercute o ambiente de aumentos da renda real e dos indicadores de confian\u00e7a, os impactos da libera\u00e7\u00e3o dos recursos das contas inativas do FGTS (Fundo de Garantia do Tempo de Servi\u00e7o) e as perspectivas de estabiliza\u00e7\u00e3o do mercado de trabalho no segundo semestre\u201d, diz o relat\u00f3rio.<\/p>\n<p>O consumo do governo deve crescer 0,2%, ante proje\u00e7\u00e3o de 0,5% em dezembro, \u201crecuo compat\u00edvel com o ajuste fiscal em curso\u201d.<\/p>\n<p>Investimentos devem ter retra\u00e7\u00e3o<\/p>\n<p>Os investimentos (Forma\u00e7\u00e3o Bruta de Capital Fixo \u2013 FBCF) dever\u00e3o apresentar retra\u00e7\u00e3o de 0,3%, ante proje\u00e7\u00e3o de crescimento de 0,3% em dezembro.<\/p>\n<p>As exporta\u00e7\u00f5es e as importa\u00e7\u00f5es de bens e servi\u00e7os devem variar 2,4% e 3,5% em 2017, diante de proje\u00e7\u00f5es respectivas de 2,2% e 4,1% no Relat\u00f3rio de Infla\u00e7\u00e3o de dezembro.<\/p>\n<p>\u201cA evolu\u00e7\u00e3o das exporta\u00e7\u00f5es reflete o desempenho positivo de culturas agr\u00edcolas relevantes na pauta. A redu\u00e7\u00e3o na proje\u00e7\u00e3o das importa\u00e7\u00f5es est\u00e1 condicionada, em grande parte, a revis\u00f5es para baixo na ind\u00fastria e na FBCF\u201d, diz o BC.<\/p>\n<p>Kelly Oliveira &#8211; Rep\u00f3rter da Ag\u00eancia Brasil<br \/>\nEdi\u00e7\u00e3o: Kleber Sampaio<br \/>\n31\/03\/2017<\/p>\n","protected":false},"excerpt":{"rendered":"<p>O Banco Central (BC) reduziu a proje\u00e7\u00e3o para o crescimento da economia este ano. A estimativa para a expans\u00e3o do Produto Interno Bruto (PIB), a soma de todos os bens e servi\u00e7os produzidos no pa\u00eds, foi ajustada de 0,8%, estimativa de dezembro, para 0,5%, de acordo com o Relat\u00f3rio de Infla\u00e7\u00e3o divulgado em Bras\u00edlia, no [&hellip;]<\/p>\n","protected":false},"author":2,"featured_media":57582,"comment_status":"open","ping_status":"closed","sticky":false,"template":"","format":"standard","meta":{"_genesis_hide_title":false,"_genesis_hide_breadcrumbs":false,"_genesis_hide_singular_image":false,"_genesis_hide_footer_widgets":false,"_genesis_custom_body_class":"","_genesis_custom_post_class":"","_genesis_layout":"","_jetpack_memberships_contains_paid_content":false,"footnotes":""},"categories":[22,7],"tags":[],"class_list":{"0":"post-110234","1":"post","2":"type-post","3":"status-publish","4":"format-standard","5":"has-post-thumbnail","7":"category-brasil","8":"category-economia","9":"entry","10":"gs-1","11":"gs-odd","12":"gs-even","13":"gs-featured-content-entry"},"jetpack_featured_media_url":"https:\/\/www.redenoticia.com.br\/noticia\/imagens\/grafico1.jpg","jetpack_sharing_enabled":true,"jetpack_likes_enabled":true,"_links":{"self":[{"href":"https:\/\/www.redenoticia.com.br\/noticia\/wp-json\/wp\/v2\/posts\/110234","targetHints":{"allow":["GET"]}}],"collection":[{"href":"https:\/\/www.redenoticia.com.br\/noticia\/wp-json\/wp\/v2\/posts"}],"about":[{"href":"https:\/\/www.redenoticia.com.br\/noticia\/wp-json\/wp\/v2\/types\/post"}],"author":[{"embeddable":true,"href":"https:\/\/www.redenoticia.com.br\/noticia\/wp-json\/wp\/v2\/users\/2"}],"replies":[{"embeddable":true,"href":"https:\/\/www.redenoticia.com.br\/noticia\/wp-json\/wp\/v2\/comments?post=110234"}],"version-history":[{"count":0,"href":"https:\/\/www.redenoticia.com.br\/noticia\/wp-json\/wp\/v2\/posts\/110234\/revisions"}],"wp:featuredmedia":[{"embeddable":true,"href":"https:\/\/www.redenoticia.com.br\/noticia\/wp-json\/wp\/v2\/media\/57582"}],"wp:attachment":[{"href":"https:\/\/www.redenoticia.com.br\/noticia\/wp-json\/wp\/v2\/media?parent=110234"}],"wp:term":[{"taxonomy":"category","embeddable":true,"href":"https:\/\/www.redenoticia.com.br\/noticia\/wp-json\/wp\/v2\/categories?post=110234"},{"taxonomy":"post_tag","embeddable":true,"href":"https:\/\/www.redenoticia.com.br\/noticia\/wp-json\/wp\/v2\/tags?post=110234"}],"curies":[{"name":"wp","href":"https:\/\/api.w.org\/{rel}","templated":true}]}}