{"id":110152,"date":"2017-03-30T00:15:06","date_gmt":"2017-03-30T03:15:06","guid":{"rendered":"http:\/\/www.redenoticia.com.br\/noticia\/?p=110152"},"modified":"2017-03-29T16:36:02","modified_gmt":"2017-03-29T19:36:02","slug":"desemprego-na-grande-sao-paulo-sobe-para-179-em-fevereiro","status":"publish","type":"post","link":"https:\/\/www.redenoticia.com.br\/noticia\/2017\/desemprego-na-grande-sao-paulo-sobe-para-179-em-fevereiro\/110152","title":{"rendered":"Desemprego na Grande S\u00e3o Paulo sobe para 17,9% em fevereiro"},"content":{"rendered":"<p> A taxa de <strong><em>desemprego<\/em><\/strong> na regi\u00e3o metropolitana de S\u00e3o Paulo passou de 17,1% em janeiro para 17,9% em fevereiro, a maior registrada para o m\u00eas desde 2005. Os dados foram divulgados pela Funda\u00e7\u00e3o Seade e pelo Departamento Intersindical de Estat\u00edstica e Estudos Socioecon\u00f4micos (Dieese). Em fevereiro de 2016, o desemprego era de 14,7%.<\/p>\n<p>O contingente de desempregados foi estimado em 1,9 milh\u00e3o de pessoas, 99 mil a mais do que em janeiro. Houve redu\u00e7\u00e3o do n\u00edvel de ocupa\u00e7\u00e3o, com elimina\u00e7\u00e3o de 39 mil postos de trabalho, o equivalente a 0,4% de queda. A Popula\u00e7\u00e3o Economicamente Ativa (PEA) registrou alta de 0,5%, com 60 mil pessoas passando a fazer parte da for\u00e7a de trabalho.<\/p>\n<p>O desemprego aberto, ou seja, pessoas que buscaram trabalho nos \u00faltimos 30 dias e n\u00e3o trabalharam nos \u00faltimos sete dias, variou de 14,1% para 14,8%. A taxa de desemprego oculto, que se refere a pessoas que fizeram trabalhos eventuais, n\u00e3o remunerados em neg\u00f3cios de parentes e tentaram mudar de emprego nos \u00faltimos 30 dias ou que n\u00e3o buscaram emprego em 30 dias, variou de 3% para 3,1%.<\/p>\n<p>Na compara\u00e7\u00e3o entre setores, a ind\u00fastria de transforma\u00e7\u00e3o eliminou 42 mil postos de trabalho em fevereiro, queda de 3,2% em rela\u00e7\u00e3o a janeiro. Nos servi\u00e7os, houve retra\u00e7\u00e3o de 0,6%, ou 32 mil postos de trabalho. No mesmo per\u00edodo, o com\u00e9rcio e o setor de repara\u00e7\u00e3o de ve\u00edculos automotores e motocicletas apresentaram alta de 2,2%, com 38 mil postos de trabalho cada. Na constru\u00e7\u00e3o, foi registrado aumento de 1,2%, com 7 mil postos de trabalho.<\/p>\n<p>O rendimento m\u00e9dio real no m\u00eas de janeiro (quando foi feita a \u00faltima aferi\u00e7\u00e3o do indicador) caiu 3,7% entre os ocupados e 3,9% entre os assalariados. Os sal\u00e1rios m\u00e9dios foram de R$ 1.974 para os ocupados e R$ 2.032 para os assalariados da Grande S\u00e3o Paulo.<\/p>\n<p>Fernanda Cruz &#8211; Rep\u00f3rter da Ag\u00eancia Brasil<br \/>\nEdi\u00e7\u00e3o: Luana Louren\u00e7o<br \/>\n30\/03\/2017<\/p>\n","protected":false},"excerpt":{"rendered":"<p>A taxa de desemprego na regi\u00e3o metropolitana de S\u00e3o Paulo passou de 17,1% em janeiro para 17,9% em fevereiro, a maior registrada para o m\u00eas desde 2005. Os dados foram divulgados pela Funda\u00e7\u00e3o Seade e pelo Departamento Intersindical de Estat\u00edstica e Estudos Socioecon\u00f4micos (Dieese). Em fevereiro de 2016, o desemprego era de 14,7%. O contingente [&hellip;]<\/p>\n","protected":false},"author":2,"featured_media":57585,"comment_status":"open","ping_status":"closed","sticky":false,"template":"","format":"standard","meta":{"_genesis_hide_title":false,"_genesis_hide_breadcrumbs":false,"_genesis_hide_singular_image":false,"_genesis_hide_footer_widgets":false,"_genesis_custom_body_class":"","_genesis_custom_post_class":"","_genesis_layout":"","_jetpack_memberships_contains_paid_content":false,"footnotes":""},"categories":[22,7],"tags":[],"class_list":{"0":"post-110152","1":"post","2":"type-post","3":"status-publish","4":"format-standard","5":"has-post-thumbnail","7":"category-brasil","8":"category-economia","9":"entry","10":"gs-1","11":"gs-odd","12":"gs-even","13":"gs-featured-content-entry"},"jetpack_featured_media_url":"https:\/\/www.redenoticia.com.br\/noticia\/imagens\/analise-economia.jpg","jetpack_sharing_enabled":true,"jetpack_likes_enabled":true,"_links":{"self":[{"href":"https:\/\/www.redenoticia.com.br\/noticia\/wp-json\/wp\/v2\/posts\/110152","targetHints":{"allow":["GET"]}}],"collection":[{"href":"https:\/\/www.redenoticia.com.br\/noticia\/wp-json\/wp\/v2\/posts"}],"about":[{"href":"https:\/\/www.redenoticia.com.br\/noticia\/wp-json\/wp\/v2\/types\/post"}],"author":[{"embeddable":true,"href":"https:\/\/www.redenoticia.com.br\/noticia\/wp-json\/wp\/v2\/users\/2"}],"replies":[{"embeddable":true,"href":"https:\/\/www.redenoticia.com.br\/noticia\/wp-json\/wp\/v2\/comments?post=110152"}],"version-history":[{"count":0,"href":"https:\/\/www.redenoticia.com.br\/noticia\/wp-json\/wp\/v2\/posts\/110152\/revisions"}],"wp:featuredmedia":[{"embeddable":true,"href":"https:\/\/www.redenoticia.com.br\/noticia\/wp-json\/wp\/v2\/media\/57585"}],"wp:attachment":[{"href":"https:\/\/www.redenoticia.com.br\/noticia\/wp-json\/wp\/v2\/media?parent=110152"}],"wp:term":[{"taxonomy":"category","embeddable":true,"href":"https:\/\/www.redenoticia.com.br\/noticia\/wp-json\/wp\/v2\/categories?post=110152"},{"taxonomy":"post_tag","embeddable":true,"href":"https:\/\/www.redenoticia.com.br\/noticia\/wp-json\/wp\/v2\/tags?post=110152"}],"curies":[{"name":"wp","href":"https:\/\/api.w.org\/{rel}","templated":true}]}}