{"id":110150,"date":"2017-03-30T00:13:48","date_gmt":"2017-03-30T03:13:48","guid":{"rendered":"http:\/\/www.redenoticia.com.br\/noticia\/?p=110150"},"modified":"2017-03-29T16:34:59","modified_gmt":"2017-03-29T19:34:59","slug":"juros-do-rotativo-do-cartao-de-credito-ficam-em-4815-ao-ano","status":"publish","type":"post","link":"https:\/\/www.redenoticia.com.br\/noticia\/2017\/juros-do-rotativo-do-cartao-de-credito-ficam-em-4815-ao-ano\/110150","title":{"rendered":"Juros do rotativo do cart\u00e3o de cr\u00e9dito ficam em 481,5% ao ano"},"content":{"rendered":"<p> A <strong><em>taxa de juros do rotativo do cart\u00e3o de cr\u00e9dito<\/em><\/strong> recuou em fevereiro e chegou a 481,5% ao ano, ap\u00f3s atingir o recorde de 486,8% ao ano, em janeiro, informou o Banco Central (BC). O rotativo \u00e9 o cr\u00e9dito tomado quando o consumidor paga menos que o valor integral da fatura do cart\u00e3o.<\/p>\n<p>A taxa do cr\u00e9dito parcelado subiu 1,6 ponto percentual e ficou em 163,5% ao ano.<\/p>\n<p>J\u00e1 a taxa do cheque especial caiu 1,3 ponto percentual, para 327% ao ano, de janeiro para fevereiro.<\/p>\n<p>A taxa m\u00e9dia de juros para as fam\u00edlias ficou em 73,2% ao ano, em fevereiro, com alta de 0,5 ponto percentual em rela\u00e7\u00e3o a janeiro.<\/p>\n<p>A inadimpl\u00eancia do cr\u00e9dito, considerados atrasos acima de 90 dias, para pessoas f\u00edsicas ficou em 5,9%, com queda de 0,1 ponto percentual.<\/p>\n<p>A taxa de inadimpl\u00eancia das empresas caiu 0,2 ponto percentual para 5,2%. A taxa m\u00e9dia de juros cobrada das pessoas jur\u00eddicas caiu 0,1 ponto percentual para 28,7% ao ano.<\/p>\n<p>Esses dados s\u00e3o do cr\u00e9dito livre em que os bancos t\u00eam autonomia para aplicar o dinheiro captado no mercado e definir as taxas de juros.<\/p>\n<p>No caso do cr\u00e9dito direcionado (empr\u00e9stimos com regras definidas pelo governo, destinados, basicamente, aos setores habitacional, rural e de infraestrutura), a taxa de juros para pessoas f\u00edsicas foi reduzida em 1,3 ponto percentual para 9,1% ao ano. A taxa cobrada das empresas caiu 1,6 ponto percentual para 10,9% ao ano. A inadimpl\u00eancia das fam\u00edlias subiu 0,2 ponto percentual para 2% e das empresas aumentou 0,1 ponto percentual para 1,9%.<\/p>\n<p>Kelly Oliveira \u2013 Rep\u00f3rter da Ag\u00eancia Brasil<br \/>\nEdi\u00e7\u00e3o: L\u00edlian Beraldo<br \/>\n30\/03\/2017<\/p>\n","protected":false},"excerpt":{"rendered":"<p>A taxa de juros do rotativo do cart\u00e3o de cr\u00e9dito recuou em fevereiro e chegou a 481,5% ao ano, ap\u00f3s atingir o recorde de 486,8% ao ano, em janeiro, informou o Banco Central (BC). O rotativo \u00e9 o cr\u00e9dito tomado quando o consumidor paga menos que o valor integral da fatura do cart\u00e3o. A taxa [&hellip;]<\/p>\n","protected":false},"author":2,"featured_media":35203,"comment_status":"open","ping_status":"closed","sticky":false,"template":"","format":"standard","meta":{"_genesis_hide_title":false,"_genesis_hide_breadcrumbs":false,"_genesis_hide_singular_image":false,"_genesis_hide_footer_widgets":false,"_genesis_custom_body_class":"","_genesis_custom_post_class":"","_genesis_layout":"","_jetpack_memberships_contains_paid_content":false,"footnotes":""},"categories":[22,7],"tags":[],"class_list":{"0":"post-110150","1":"post","2":"type-post","3":"status-publish","4":"format-standard","5":"has-post-thumbnail","7":"category-brasil","8":"category-economia","9":"entry","10":"gs-1","11":"gs-odd","12":"gs-even","13":"gs-featured-content-entry"},"jetpack_featured_media_url":"https:\/\/www.redenoticia.com.br\/noticia\/imagens\/cartao-credito.jpg","jetpack_sharing_enabled":true,"jetpack_likes_enabled":true,"_links":{"self":[{"href":"https:\/\/www.redenoticia.com.br\/noticia\/wp-json\/wp\/v2\/posts\/110150","targetHints":{"allow":["GET"]}}],"collection":[{"href":"https:\/\/www.redenoticia.com.br\/noticia\/wp-json\/wp\/v2\/posts"}],"about":[{"href":"https:\/\/www.redenoticia.com.br\/noticia\/wp-json\/wp\/v2\/types\/post"}],"author":[{"embeddable":true,"href":"https:\/\/www.redenoticia.com.br\/noticia\/wp-json\/wp\/v2\/users\/2"}],"replies":[{"embeddable":true,"href":"https:\/\/www.redenoticia.com.br\/noticia\/wp-json\/wp\/v2\/comments?post=110150"}],"version-history":[{"count":0,"href":"https:\/\/www.redenoticia.com.br\/noticia\/wp-json\/wp\/v2\/posts\/110150\/revisions"}],"wp:featuredmedia":[{"embeddable":true,"href":"https:\/\/www.redenoticia.com.br\/noticia\/wp-json\/wp\/v2\/media\/35203"}],"wp:attachment":[{"href":"https:\/\/www.redenoticia.com.br\/noticia\/wp-json\/wp\/v2\/media?parent=110150"}],"wp:term":[{"taxonomy":"category","embeddable":true,"href":"https:\/\/www.redenoticia.com.br\/noticia\/wp-json\/wp\/v2\/categories?post=110150"},{"taxonomy":"post_tag","embeddable":true,"href":"https:\/\/www.redenoticia.com.br\/noticia\/wp-json\/wp\/v2\/tags?post=110150"}],"curies":[{"name":"wp","href":"https:\/\/api.w.org\/{rel}","templated":true}]}}