{"id":110148,"date":"2017-03-30T00:12:53","date_gmt":"2017-03-30T03:12:53","guid":{"rendered":"http:\/\/www.redenoticia.com.br\/noticia\/?p=110148"},"modified":"2017-03-29T16:33:46","modified_gmt":"2017-03-29T19:33:46","slug":"vendas-nos-supermercados-ficam-estaveis-nos-dois-primeiros-meses-do-ano","status":"publish","type":"post","link":"https:\/\/www.redenoticia.com.br\/noticia\/2017\/vendas-nos-supermercados-ficam-estaveis-nos-dois-primeiros-meses-do-ano\/110148","title":{"rendered":"Vendas nos supermercados ficam est\u00e1veis nos dois primeiros meses do ano"},"content":{"rendered":"<p> As <strong><em>vendas do setor supermercadista<\/em><\/strong> ca\u00edram 0,07% nos dois primeiros meses deste ano na compara\u00e7\u00e3o com o mesmo per\u00edodo do ano passado, o que, segundo o presidente da Associa\u00e7\u00e3o Brasileira de Supermercados (Abras), Jo\u00e3o Sanzovo Neto, mostra estabilidade do indicador.<\/p>\n<p>Em fevereiro, a queda real nas vendas (descontada a infla\u00e7\u00e3o) foi de 1,93% em rela\u00e7\u00e3o a janeiro. Na compara\u00e7\u00e3o com fevereiro de 2016, houve alta de 4,56%. No acumulado de 12 meses, a Abras registra crescimento de 5,02%.<\/p>\n<p>\u201cIsso mostra uma estabilidade, considerando que, no ano anterior, fevereiro teve 29 dias e, neste, 28. Podemos dizer que estamos praticamente est\u00e1veis, estagnados, andando de lado, mas n\u00e3o caindo mais. Estamos no por\u00e3o do po\u00e7o, e n\u00e3o deve ter mais subsolo a\u00ed\u201d, comparou.<\/p>\n<p>Todas as regi\u00f5es do pa\u00eds registraram queda nas vendas dos supermercados em fevereiro. No Nordeste, as vendas ca\u00edram 3%; no Sudeste, 1,80%; no Centro-Oeste, 1,43%; no Norte, 0,99%; e no Sul, 0,54%.<\/p>\n<p>Produtos<\/p>\n<p> O pre\u00e7o da cesta de produtos Abrasmercado, que analisa 35 produtos de largo consumo, caiu 1,49%, passando de R$ 479,64 em janeiro para R$ 472,51 em fevereiro. No acumulado de janeiro e fevereiro, o valor da cesta subiu 3,57%.<\/p>\n<p>Entre os itens com maiores altas est\u00e3o o xampu (4,13%), a farinha de mandioca (1,38%), o sal (0,99%) e o a\u00e7\u00facar (0,90%). As maiores quedas ficaram com o feij\u00e3o (-10,84%), a cebola (-9,96%), a batata (-8,06%) e o frango congelado (-6,22%).<\/p>\n<p>\u00cdndice de Confian\u00e7a<\/p>\n<p>De acordo com o \u00cdndice de Confian\u00e7a do Supermercadista, os empres\u00e1rios do setor est\u00e3o mais otimistas com o cen\u00e1rio macroecon\u00f4mico. Na pesquisa de fevereiro, o \u00edndice ficou em 56,1 pontos, o que aponta para uma perspectiva positiva na compara\u00e7\u00e3o com dezembro do ano passado (50,5 pontos).<\/p>\n<p>\u201cA tend\u00eancia \u00e9 de crescimento moderado, de acordo com v\u00e1rios indicadores como o desemprego, que \u00e9 o que ainda est\u00e1 segurando o crescimento mais forte, mas sabemos que, em termos econ\u00f4micos, quando o desemprego come\u00e7a a ficar alto, ele \u00e9 o \u00faltimo \u00edndice a ser recuperado em uma crise\u201d, disse Sanzovo.<\/p>\n<p>Carne Fraca<\/p>\n<p>Segundo o presidente da Abras, apesar de ser muito cedo para uma avalia\u00e7\u00e3o, o setor ainda n\u00e3o registrou quedas percept\u00edveis na vendas de carnes depois da Opera\u00e7\u00e3o Carne Fraca, da Pol\u00edcia Federal. \u201cHouve algumas d\u00favidas, o consumidor questionou algumas marcas, substituiu momentaneamente, mas, a cada dia, que passa fica mais claro que n\u00e3o existe risco de sa\u00fade p\u00fablica.\u201d<\/p>\n<p>Fl\u00e1via Albuquerque &#8211; Rep\u00f3rter da Ag\u00eancia Brasil<br \/>\nEdi\u00e7\u00e3o: Luana Louren\u00e7o<br \/>\n30\/03\/2017<\/p>\n","protected":false},"excerpt":{"rendered":"<p>As vendas do setor supermercadista ca\u00edram 0,07% nos dois primeiros meses deste ano na compara\u00e7\u00e3o com o mesmo per\u00edodo do ano passado, o que, segundo o presidente da Associa\u00e7\u00e3o Brasileira de Supermercados (Abras), Jo\u00e3o Sanzovo Neto, mostra estabilidade do indicador. Em fevereiro, a queda real nas vendas (descontada a infla\u00e7\u00e3o) foi de 1,93% em rela\u00e7\u00e3o [&hellip;]<\/p>\n","protected":false},"author":2,"featured_media":57584,"comment_status":"open","ping_status":"closed","sticky":false,"template":"","format":"standard","meta":{"_genesis_hide_title":false,"_genesis_hide_breadcrumbs":false,"_genesis_hide_singular_image":false,"_genesis_hide_footer_widgets":false,"_genesis_custom_body_class":"","_genesis_custom_post_class":"","_genesis_layout":"","_jetpack_memberships_contains_paid_content":false,"footnotes":""},"categories":[22,7],"tags":[],"class_list":{"0":"post-110148","1":"post","2":"type-post","3":"status-publish","4":"format-standard","5":"has-post-thumbnail","7":"category-brasil","8":"category-economia","9":"entry","10":"gs-1","11":"gs-odd","12":"gs-even","13":"gs-featured-content-entry"},"jetpack_featured_media_url":"https:\/\/www.redenoticia.com.br\/noticia\/imagens\/economia-grafica-analise-inflacao.jpg","jetpack_sharing_enabled":true,"jetpack_likes_enabled":true,"_links":{"self":[{"href":"https:\/\/www.redenoticia.com.br\/noticia\/wp-json\/wp\/v2\/posts\/110148","targetHints":{"allow":["GET"]}}],"collection":[{"href":"https:\/\/www.redenoticia.com.br\/noticia\/wp-json\/wp\/v2\/posts"}],"about":[{"href":"https:\/\/www.redenoticia.com.br\/noticia\/wp-json\/wp\/v2\/types\/post"}],"author":[{"embeddable":true,"href":"https:\/\/www.redenoticia.com.br\/noticia\/wp-json\/wp\/v2\/users\/2"}],"replies":[{"embeddable":true,"href":"https:\/\/www.redenoticia.com.br\/noticia\/wp-json\/wp\/v2\/comments?post=110148"}],"version-history":[{"count":0,"href":"https:\/\/www.redenoticia.com.br\/noticia\/wp-json\/wp\/v2\/posts\/110148\/revisions"}],"wp:featuredmedia":[{"embeddable":true,"href":"https:\/\/www.redenoticia.com.br\/noticia\/wp-json\/wp\/v2\/media\/57584"}],"wp:attachment":[{"href":"https:\/\/www.redenoticia.com.br\/noticia\/wp-json\/wp\/v2\/media?parent=110148"}],"wp:term":[{"taxonomy":"category","embeddable":true,"href":"https:\/\/www.redenoticia.com.br\/noticia\/wp-json\/wp\/v2\/categories?post=110148"},{"taxonomy":"post_tag","embeddable":true,"href":"https:\/\/www.redenoticia.com.br\/noticia\/wp-json\/wp\/v2\/tags?post=110148"}],"curies":[{"name":"wp","href":"https:\/\/api.w.org\/{rel}","templated":true}]}}