{"id":110146,"date":"2017-03-30T00:11:54","date_gmt":"2017-03-30T03:11:54","guid":{"rendered":"http:\/\/www.redenoticia.com.br\/noticia\/?p=110146"},"modified":"2017-03-29T16:32:51","modified_gmt":"2017-03-29T19:32:51","slug":"exportacao-brasileira-de-carne-cai-19-na-primeira-semana-apos-operacao","status":"publish","type":"post","link":"https:\/\/www.redenoticia.com.br\/noticia\/2017\/exportacao-brasileira-de-carne-cai-19-na-primeira-semana-apos-operacao\/110146","title":{"rendered":"Exporta\u00e7\u00e3o brasileira de carne cai 19% na primeira semana ap\u00f3s opera\u00e7\u00e3o"},"content":{"rendered":"<p> Ap\u00f3s uma semana da deflagra\u00e7\u00e3o da <strong><em>Opera\u00e7\u00e3o Carne Fraca<\/em><\/strong>, que investiga irregularidades na produ\u00e7\u00e3o e fiscaliza\u00e7\u00e3o de frigor\u00edficos, a exporta\u00e7\u00e3o da carne brasileira rendeu ao pa\u00eds uma m\u00e9dia 19% menor. De acordo com dados do Minist\u00e9rio da Ind\u00fastria, Com\u00e9rcio Exterior e Servi\u00e7os, o rendimento di\u00e1rio das exporta\u00e7\u00f5es do produto caiu de US$ 62,2 milh\u00f5es na terceira semana de mar\u00e7o para US$ 50,5 milh\u00f5es na semana passada.<\/p>\n<p>Somadas as quatro primeiras semanas do m\u00eas, o Brasil exportou US$ 890,9 milh\u00f5es em carne su\u00edna, bovina e de frango. No mesmo per\u00edodo do ano passado, e com um dia \u00fatil a menos, a exporta\u00e7\u00e3o do produto superou a marca de US$ 1 bilh\u00e3o. Desde que a opera\u00e7\u00e3o veio \u00e0 tona, o Brasil suspendeu a exporta\u00e7\u00e3o do alimento proveniente dos 21 frigor\u00edficos investigados e alguns pa\u00edses proibiram integralmente a importa\u00e7\u00e3o de carne brasileira. Nesta ter\u00e7a-feira (28), Hong Kong suspendeu o embargo que havia imposto a todos os estabelecimentos nacionais.<\/p>\n<p>De acordo com balan\u00e7o divulgado segunda-feira (27) pelo governo brasileiro, o pre\u00e7o negociado teve uma leve alta na semana passada em rela\u00e7\u00e3o aos dias anteriores. O valor m\u00e9dio da carne de frango, por exemplo, passou de U$$ 1.670 a tonelada para U$$ 1.676. No entanto, a compara\u00e7\u00e3o ainda n\u00e3o representa uma tend\u00eancia, j\u00e1 que na segunda semana de mar\u00e7o o pre\u00e7o m\u00e9dio do produto era U$$ 1.705, e na primeira semana o valor chegou a U$$ 1.777.<\/p>\n<p>A carne su\u00edna tamb\u00e9m apresentou uma pequena alta no per\u00edodo, enquanto o produto de origem bovina teve uma queda, novamente em propor\u00e7\u00f5es j\u00e1 registradas ao longo do m\u00eas. Segundo o minist\u00e9rio, 60% das carnes embarcadas no per\u00edodo provinham de aves, 27% de bovinos, 10% de su\u00ednos e 3% de mi\u00fados em geral. A pasta informou tamb\u00e9m que 108 pa\u00edses receberam encomendas do produto brasileiro na semana passada, prioritariamente Ar\u00e1bia Saudita (12%), R\u00fassia (10%), Hong Kong (9%), Jap\u00e3o e China (ambos com 8% cada).<\/p>\n<p>Paulo Victor Chagas &#8211; Rep\u00f3rter da Ag\u00eancia Brasil<br \/>\nEdi\u00e7\u00e3o: Amanda Cieglinski<br \/>\n30\/03\/2017<\/p>\n","protected":false},"excerpt":{"rendered":"<p>Ap\u00f3s uma semana da deflagra\u00e7\u00e3o da Opera\u00e7\u00e3o Carne Fraca, que investiga irregularidades na produ\u00e7\u00e3o e fiscaliza\u00e7\u00e3o de frigor\u00edficos, a exporta\u00e7\u00e3o da carne brasileira rendeu ao pa\u00eds uma m\u00e9dia 19% menor. De acordo com dados do Minist\u00e9rio da Ind\u00fastria, Com\u00e9rcio Exterior e Servi\u00e7os, o rendimento di\u00e1rio das exporta\u00e7\u00f5es do produto caiu de US$ 62,2 milh\u00f5es na [&hellip;]<\/p>\n","protected":false},"author":2,"featured_media":38938,"comment_status":"open","ping_status":"closed","sticky":false,"template":"","format":"standard","meta":{"_genesis_hide_title":false,"_genesis_hide_breadcrumbs":false,"_genesis_hide_singular_image":false,"_genesis_hide_footer_widgets":false,"_genesis_custom_body_class":"","_genesis_custom_post_class":"","_genesis_layout":"","_jetpack_memberships_contains_paid_content":false,"footnotes":""},"categories":[22,7],"tags":[],"class_list":{"0":"post-110146","1":"post","2":"type-post","3":"status-publish","4":"format-standard","5":"has-post-thumbnail","7":"category-brasil","8":"category-economia","9":"entry","10":"gs-1","11":"gs-odd","12":"gs-even","13":"gs-featured-content-entry"},"jetpack_featured_media_url":"https:\/\/www.redenoticia.com.br\/noticia\/imagens\/economia1.jpg","jetpack_sharing_enabled":true,"jetpack_likes_enabled":true,"_links":{"self":[{"href":"https:\/\/www.redenoticia.com.br\/noticia\/wp-json\/wp\/v2\/posts\/110146","targetHints":{"allow":["GET"]}}],"collection":[{"href":"https:\/\/www.redenoticia.com.br\/noticia\/wp-json\/wp\/v2\/posts"}],"about":[{"href":"https:\/\/www.redenoticia.com.br\/noticia\/wp-json\/wp\/v2\/types\/post"}],"author":[{"embeddable":true,"href":"https:\/\/www.redenoticia.com.br\/noticia\/wp-json\/wp\/v2\/users\/2"}],"replies":[{"embeddable":true,"href":"https:\/\/www.redenoticia.com.br\/noticia\/wp-json\/wp\/v2\/comments?post=110146"}],"version-history":[{"count":0,"href":"https:\/\/www.redenoticia.com.br\/noticia\/wp-json\/wp\/v2\/posts\/110146\/revisions"}],"wp:featuredmedia":[{"embeddable":true,"href":"https:\/\/www.redenoticia.com.br\/noticia\/wp-json\/wp\/v2\/media\/38938"}],"wp:attachment":[{"href":"https:\/\/www.redenoticia.com.br\/noticia\/wp-json\/wp\/v2\/media?parent=110146"}],"wp:term":[{"taxonomy":"category","embeddable":true,"href":"https:\/\/www.redenoticia.com.br\/noticia\/wp-json\/wp\/v2\/categories?post=110146"},{"taxonomy":"post_tag","embeddable":true,"href":"https:\/\/www.redenoticia.com.br\/noticia\/wp-json\/wp\/v2\/tags?post=110146"}],"curies":[{"name":"wp","href":"https:\/\/api.w.org\/{rel}","templated":true}]}}