{"id":109893,"date":"2017-03-27T00:35:00","date_gmt":"2017-03-27T03:35:00","guid":{"rendered":"http:\/\/www.redenoticia.com.br\/noticia\/?p=109893"},"modified":"2017-03-26T19:35:53","modified_gmt":"2017-03-26T22:35:53","slug":"gastos-de-brasileiros-no-exterior-sobem-617-em-fevereiro","status":"publish","type":"post","link":"https:\/\/www.redenoticia.com.br\/noticia\/2017\/gastos-de-brasileiros-no-exterior-sobem-617-em-fevereiro\/109893","title":{"rendered":"Gastos de brasileiros no exterior sobem 61,7% em fevereiro"},"content":{"rendered":"<p>  Os <strong><em>gastos de brasileiros no exterior<\/em><\/strong> somaram US$ 1,360 bilh\u00e3o em fevereiro deste ano, informou o Banco Central (BC). O resultado \u00e9 61,7% superior ao registrado no mesmo per\u00edodo do ano passado, quando os brasileiros desembolsaram US$ 841 milh\u00f5es. Nos dois primeiros meses do ano, as despesas ficaram em US$ 2,939 bilh\u00f5es, 74,8% acima dos gastos registrados no primeiro bimestre de 2016 (US$ 1,681 bilh\u00e3o).<\/p>\n<p>J\u00e1 as receitas de estrangeiros no Brasil ficaram em US$ 535 milh\u00f5es em fevereiro e em US$ 1,196 bilh\u00e3o nos dois meses do ano, contra US$599 milh\u00f5es e US$ 1,249 bilh\u00e3o, respectivamente em iguais per\u00edodos de 2016.<\/p>\n<p>Com esses resultados das despesas de brasileiros no exterior e as receitas de estrangeiros no Brasil, a conta de viagens internacionais ficou negativa em US$ 824 milh\u00f5es no m\u00eas passado, e em 1,743 bilh\u00e3o no primeiro bimestre.<\/p>\n<p>A proje\u00e7\u00e3o do Banco Central para o saldo negativo da conta de viagens este ano subiu de US$ 10,5 bilh\u00f5es para US$ 12,5 bilh\u00f5es.<\/p>\n<p>O chefe adjunto do Departamento Econ\u00f4mico do BC, Fernando Rocha, disse que, com o d\u00f3lar mais barato este ano, as viagens ao exterior ca\u00edram de pre\u00e7o. Ele lembrou que o d\u00f3lar ffechou 2016 em R$ 3,48, na m\u00e9dia, e agora est\u00e1 em torno de R$ 3,10. \u201cA aprecia\u00e7\u00e3o do c\u00e2mbio na compara\u00e7\u00e3o interanual \u00e9 significativa\u201d, disse. <\/p>\n<p>Kelly Oliveira &#8211; Rep\u00f3rter da Ag\u00eancia Brasil<br \/>\nEdi\u00e7\u00e3o: Kleber Sampaio<br \/>\n27\/03\/2017<\/p>\n","protected":false},"excerpt":{"rendered":"<p>Os gastos de brasileiros no exterior somaram US$ 1,360 bilh\u00e3o em fevereiro deste ano, informou o Banco Central (BC). O resultado \u00e9 61,7% superior ao registrado no mesmo per\u00edodo do ano passado, quando os brasileiros desembolsaram US$ 841 milh\u00f5es. Nos dois primeiros meses do ano, as despesas ficaram em US$ 2,939 bilh\u00f5es, 74,8% acima dos [&hellip;]<\/p>\n","protected":false},"author":2,"featured_media":57585,"comment_status":"open","ping_status":"closed","sticky":false,"template":"","format":"standard","meta":{"_genesis_hide_title":false,"_genesis_hide_breadcrumbs":false,"_genesis_hide_singular_image":false,"_genesis_hide_footer_widgets":false,"_genesis_custom_body_class":"","_genesis_custom_post_class":"","_genesis_layout":"","_jetpack_memberships_contains_paid_content":false,"footnotes":""},"categories":[22,7],"tags":[],"class_list":{"0":"post-109893","1":"post","2":"type-post","3":"status-publish","4":"format-standard","5":"has-post-thumbnail","7":"category-brasil","8":"category-economia","9":"entry","10":"gs-1","11":"gs-odd","12":"gs-even","13":"gs-featured-content-entry"},"jetpack_featured_media_url":"https:\/\/www.redenoticia.com.br\/noticia\/imagens\/analise-economia.jpg","jetpack_sharing_enabled":true,"jetpack_likes_enabled":true,"_links":{"self":[{"href":"https:\/\/www.redenoticia.com.br\/noticia\/wp-json\/wp\/v2\/posts\/109893","targetHints":{"allow":["GET"]}}],"collection":[{"href":"https:\/\/www.redenoticia.com.br\/noticia\/wp-json\/wp\/v2\/posts"}],"about":[{"href":"https:\/\/www.redenoticia.com.br\/noticia\/wp-json\/wp\/v2\/types\/post"}],"author":[{"embeddable":true,"href":"https:\/\/www.redenoticia.com.br\/noticia\/wp-json\/wp\/v2\/users\/2"}],"replies":[{"embeddable":true,"href":"https:\/\/www.redenoticia.com.br\/noticia\/wp-json\/wp\/v2\/comments?post=109893"}],"version-history":[{"count":0,"href":"https:\/\/www.redenoticia.com.br\/noticia\/wp-json\/wp\/v2\/posts\/109893\/revisions"}],"wp:featuredmedia":[{"embeddable":true,"href":"https:\/\/www.redenoticia.com.br\/noticia\/wp-json\/wp\/v2\/media\/57585"}],"wp:attachment":[{"href":"https:\/\/www.redenoticia.com.br\/noticia\/wp-json\/wp\/v2\/media?parent=109893"}],"wp:term":[{"taxonomy":"category","embeddable":true,"href":"https:\/\/www.redenoticia.com.br\/noticia\/wp-json\/wp\/v2\/categories?post=109893"},{"taxonomy":"post_tag","embeddable":true,"href":"https:\/\/www.redenoticia.com.br\/noticia\/wp-json\/wp\/v2\/tags?post=109893"}],"curies":[{"name":"wp","href":"https:\/\/api.w.org\/{rel}","templated":true}]}}