{"id":109891,"date":"2017-03-27T00:34:08","date_gmt":"2017-03-27T03:34:08","guid":{"rendered":"http:\/\/www.redenoticia.com.br\/noticia\/?p=109891"},"modified":"2017-03-26T19:58:54","modified_gmt":"2017-03-26T22:58:54","slug":"bc-aumenta-projecao-de-deficit-das-contas-externas-para-us-30-bilhoes-este-ano","status":"publish","type":"post","link":"https:\/\/www.redenoticia.com.br\/noticia\/2017\/bc-aumenta-projecao-de-deficit-das-contas-externas-para-us-30-bilhoes-este-ano\/109891","title":{"rendered":"BC aumenta proje\u00e7\u00e3o de d\u00e9ficit das contas externas para US$ 30 bilh\u00f5es este ano"},"content":{"rendered":"<p> O Banco Central (BC) espera um <strong><em>d\u00e9ficit maior nas contas externas<\/em><\/strong> este ano. A estimativa, divulgada para o saldo negativo das transa\u00e7\u00f5es correntes, que s\u00e3o as compras e vendas de mercadorias e servi\u00e7os e transfer\u00eancias de renda do pa\u00eds com o mundo, subiu de US$ 28 bilh\u00f5es para US$ 30 bilh\u00f5es. Esse valor vai corresponder a 1,45% do Produto Interno Bruto (PIB), a soma de todos os bens e servi\u00e7os produzidos no pa\u00eds. Nos dois primeiros meses deste ano, o d\u00e9ficit ficou em US$ 6,020 bilh\u00f5es.<\/p>\n<p>A maior parte do saldo negativo previsto para este ano est\u00e1 na conta de renda prim\u00e1ria (lucros e dividendos, pagamentos de juros e sal\u00e1rios), com d\u00e9ficit estimado em US$ 47,6 bilh\u00f5es. A previs\u00e3o anterior era US$ 44,1 bilh\u00f5es.<\/p>\n<p>A conta de servi\u00e7os (viagens internacionais, transportes, aluguel de equipamentos, seguros, entre outros) deve apresentar resultado negativo de US$ 36,7 bilh\u00f5es, contra US$ 31,2 bilh\u00f5es, previstos anteriormente.<\/p>\n<p>Para a conta de renda secund\u00e1ria (gerada em uma economia e distribu\u00edda para outra, como doa\u00e7\u00f5es e remessas de d\u00f3lares, sem contrapartida de servi\u00e7os ou bens) a estimativa positiva permaneceu em US$ 3,3 bilh\u00f5es.<\/p>\n<p>A balan\u00e7a comercial (exporta\u00e7\u00f5es e importa\u00e7\u00f5es de produtos) deve contribuir para reduzir o d\u00e9ficit nas transa\u00e7\u00f5es correntes. A estimativa para o ano \u00e9 de super\u00e1vit de US$ 51 bilh\u00f5es. A previs\u00e3o anterior era US$ 44 bilh\u00f5es.<\/p>\n<p>Carne Fraca<\/p>\n<p>O aumento dos pre\u00e7os dos produtos brasileiros deve impulsionar as exporta\u00e7\u00f5es, mesmo com a repercuss\u00e3o da Opera\u00e7\u00e3o Carne Fraca, da Pol\u00edcia Federal. Segundo o chefe adjunto do Departamento Econ\u00f4mico do Banco Central, Fernando Rocha, a opera\u00e7\u00e3o n\u00e3o afeta as proje\u00e7\u00f5es para as contas externas devido \u00e0 representatividade das exporta\u00e7\u00f5es de carnes em rela\u00e7\u00e3o ao total exportado e \u00e0 incerteza sobre os impactos das investiga\u00e7\u00f5es.<\/p>\n<p>Na sexta-feira (17), a Pol\u00edcia Federal denunciou frigor\u00edficos envolvidos em esquema criminoso que &#8220;maquiava&#8221; carnes vencidas e as reembalava para conseguir vend\u00ea-las.<\/p>\n<p>Segundo Rocha, as exporta\u00e7\u00f5es de carne ficaram abaixo de R$ 12 bilh\u00f5es no ano passado, sendo que o total projetado para as vendas externas de todos os produtos brasileiros \u00e9 de R$ 200 bilh\u00f5es em 2017. \u201cEm termos qualitativos, essa opera\u00e7\u00e3o n\u00e3o modifica as proje\u00e7\u00f5es do balan\u00e7o de pagamentos\u201d, disse.<\/p>\n<p>Fernando Rocha acrescentou que ainda h\u00e1 incerteza quanto ao impacto da opera\u00e7\u00e3o porque alguns pa\u00edses que anunciaram restri\u00e7\u00e3o \u00e0s compras de carnes brasileiras mudaram de ideia, depois de terem acesso a mais informa\u00e7\u00f5es do governo.<\/p>\n<p>Ele destacou ainda que as exporta\u00e7\u00f5es totais brasileiras est\u00e3o sendo beneficiadas por aumento dos pre\u00e7os. As exporta\u00e7\u00f5es de commodities (produtos prim\u00e1rios com cota\u00e7\u00e3o internacional), com maior peso nas vendas externas do Brasil, est\u00e3o com pre\u00e7os mais alto. <\/p>\n<p>Investimento estrangeiro<\/p>\n<p>Os dados do balan\u00e7o de pagamentos tamb\u00e9m incluem os investimentos estrangeiros. De janeiro a fevereiro, o investimento direto no pa\u00eds (IDP), recursos que entram e v\u00e3o para o setor produtivo da economia, chegou a US$ 16,834 bilh\u00f5es. A previs\u00e3o para o ano foi mantida em US$ 75 bilh\u00f5es.<\/p>\n<p>Tamb\u00e9m foi registrada a entrada de investimento em a\u00e7\u00f5es negociadas em bolsas de valores no Brasil e no exterior e em fundos de investimento no total de US$ 1,614 bilh\u00e3o, nos dois meses do ano, com previs\u00e3o para o ano de US$ 10 bilh\u00f5es. No primeiro bimestre, houve sa\u00edda de investimentos em t\u00edtulos negociados de US$ 1,057 bilh\u00e3o. A previs\u00e3o para o ano \u00e9 de sa\u00edda de US$ 7 bilh\u00f5es, contra a previs\u00e3o anterior, tamb\u00e9m negativa, de US$ 10 bilh\u00f5es. <\/p>\n<p>Kelly Oliveira \u2013 Rep\u00f3rter da Ag\u00eancia Brasil<br \/>\nEdi\u00e7\u00e3o: Gra\u00e7a Adjuto<br \/>\n27\/03\/2017<\/p>\n","protected":false},"excerpt":{"rendered":"<p>O Banco Central (BC) espera um d\u00e9ficit maior nas contas externas este ano. A estimativa, divulgada para o saldo negativo das transa\u00e7\u00f5es correntes, que s\u00e3o as compras e vendas de mercadorias e servi\u00e7os e transfer\u00eancias de renda do pa\u00eds com o mundo, subiu de US$ 28 bilh\u00f5es para US$ 30 bilh\u00f5es. Esse valor vai corresponder [&hellip;]<\/p>\n","protected":false},"author":2,"featured_media":57582,"comment_status":"open","ping_status":"closed","sticky":false,"template":"","format":"standard","meta":{"_genesis_hide_title":false,"_genesis_hide_breadcrumbs":false,"_genesis_hide_singular_image":false,"_genesis_hide_footer_widgets":false,"_genesis_custom_body_class":"","_genesis_custom_post_class":"","_genesis_layout":"","_jetpack_memberships_contains_paid_content":false,"footnotes":""},"categories":[22,7],"tags":[],"class_list":{"0":"post-109891","1":"post","2":"type-post","3":"status-publish","4":"format-standard","5":"has-post-thumbnail","7":"category-brasil","8":"category-economia","9":"entry","10":"gs-1","11":"gs-odd","12":"gs-even","13":"gs-featured-content-entry"},"jetpack_featured_media_url":"https:\/\/www.redenoticia.com.br\/noticia\/imagens\/grafico1.jpg","jetpack_sharing_enabled":true,"jetpack_likes_enabled":true,"_links":{"self":[{"href":"https:\/\/www.redenoticia.com.br\/noticia\/wp-json\/wp\/v2\/posts\/109891","targetHints":{"allow":["GET"]}}],"collection":[{"href":"https:\/\/www.redenoticia.com.br\/noticia\/wp-json\/wp\/v2\/posts"}],"about":[{"href":"https:\/\/www.redenoticia.com.br\/noticia\/wp-json\/wp\/v2\/types\/post"}],"author":[{"embeddable":true,"href":"https:\/\/www.redenoticia.com.br\/noticia\/wp-json\/wp\/v2\/users\/2"}],"replies":[{"embeddable":true,"href":"https:\/\/www.redenoticia.com.br\/noticia\/wp-json\/wp\/v2\/comments?post=109891"}],"version-history":[{"count":0,"href":"https:\/\/www.redenoticia.com.br\/noticia\/wp-json\/wp\/v2\/posts\/109891\/revisions"}],"wp:featuredmedia":[{"embeddable":true,"href":"https:\/\/www.redenoticia.com.br\/noticia\/wp-json\/wp\/v2\/media\/57582"}],"wp:attachment":[{"href":"https:\/\/www.redenoticia.com.br\/noticia\/wp-json\/wp\/v2\/media?parent=109891"}],"wp:term":[{"taxonomy":"category","embeddable":true,"href":"https:\/\/www.redenoticia.com.br\/noticia\/wp-json\/wp\/v2\/categories?post=109891"},{"taxonomy":"post_tag","embeddable":true,"href":"https:\/\/www.redenoticia.com.br\/noticia\/wp-json\/wp\/v2\/tags?post=109891"}],"curies":[{"name":"wp","href":"https:\/\/api.w.org\/{rel}","templated":true}]}}