{"id":109889,"date":"2017-03-27T00:33:13","date_gmt":"2017-03-27T03:33:13","guid":{"rendered":"http:\/\/www.redenoticia.com.br\/noticia\/?p=109889"},"modified":"2017-03-26T19:34:01","modified_gmt":"2017-03-26T22:34:01","slug":"consumidores-acreditam-em-inflacao-de-75-nos-proximos-12-meses","status":"publish","type":"post","link":"https:\/\/www.redenoticia.com.br\/noticia\/2017\/consumidores-acreditam-em-inflacao-de-75-nos-proximos-12-meses\/109889","title":{"rendered":"Consumidores acreditam em infla\u00e7\u00e3o de 7,5% nos pr\u00f3ximos 12 meses"},"content":{"rendered":"<p> Os consumidores brasileiros acreditam que a <strong><em>infla\u00e7\u00e3o<\/em><\/strong> brasileira ficar\u00e1 em 7,5% nos pr\u00f3ximos 12 meses. Essa expectativa de infla\u00e7\u00e3o, medida este m\u00eas, \u00e9 0,1 ponto percentual menor que a registrada em fevereiro (7,6%).<\/p>\n<p>O resultado de mar\u00e7o deste ano, da pesquisa da Funda\u00e7\u00e3o Getulio Vargas (FGV), confirma a tend\u00eancia de queda observada desde fevereiro de 2016, quando o resultado atingiu o m\u00e1ximo hist\u00f3rico de 11,6%. Os 7,5% esperados pelos consumidores s\u00e3o tamb\u00e9m a menor taxa desde janeiro de 2015 (7,2%).<\/p>\n<p>Entre os segmentos de renda, a classe mais alta (acima de R$ 9.600) \u00e9 a que acredita na taxa mais baixa (6%).<\/p>\n<p>Vitor Abdala &#8211; Rep\u00f3rter da Ag\u00eancia Brasil<br \/>\nEdi\u00e7\u00e3o: Kleber Sampaio<br \/>\n27\/03\/2017<br \/>\n&#8212;<br \/>\nCriada em 2007 para fortalecer o sistema p\u00fablico de comunica\u00e7\u00e3o, a EBC \u00e9 gestora da TV Brasil, TV Brasil Internacional, Ag\u00eancia Brasil, Radioag\u00eancia Nacional e do sistema p\u00fablico de R\u00e1dio, composto por oito emissoras: R\u00e1dio Nacional AM do Rio de Janeiro (1.130 KHz), R\u00e1dio Nacional AM de Bras\u00edlia (980 KHz), Nacional FM de Bras\u00edlia (96,1 MHz), R\u00e1dio MEC AM do Rio de Janeiro (800 KHz), MEC FM do Rio de Janeiro (99,3 MHz), R\u00e1dio Nacional da Amaz\u00f4nia OC (11.780 KHz e 6.180 KHz), R\u00e1dio Nacional AM do Alto Solim\u00f5es (670 KHz) e R\u00e1dio Nacional FM do Alto Solim\u00f5es (96.1 MHz). Por sua independ\u00eancia editorial, os ve\u00edculos p\u00fablicos distinguem-se dos canais estatais ou governamentais. A rede de emissoras produz conte\u00fados diferenciados que a singulariza por espelhar de maneira mais fidedigna a complexidade cultural brasileira, ocupando um espa\u00e7o complementar, n\u00e3o preenchido pelos canais privados.<\/p>\n","protected":false},"excerpt":{"rendered":"<p>Os consumidores brasileiros acreditam que a infla\u00e7\u00e3o brasileira ficar\u00e1 em 7,5% nos pr\u00f3ximos 12 meses. Essa expectativa de infla\u00e7\u00e3o, medida este m\u00eas, \u00e9 0,1 ponto percentual menor que a registrada em fevereiro (7,6%). O resultado de mar\u00e7o deste ano, da pesquisa da Funda\u00e7\u00e3o Getulio Vargas (FGV), confirma a tend\u00eancia de queda observada desde fevereiro de [&hellip;]<\/p>\n","protected":false},"author":2,"featured_media":57584,"comment_status":"open","ping_status":"closed","sticky":false,"template":"","format":"standard","meta":{"_genesis_hide_title":false,"_genesis_hide_breadcrumbs":false,"_genesis_hide_singular_image":false,"_genesis_hide_footer_widgets":false,"_genesis_custom_body_class":"","_genesis_custom_post_class":"","_genesis_layout":"","_jetpack_memberships_contains_paid_content":false,"footnotes":""},"categories":[22,7],"tags":[],"class_list":{"0":"post-109889","1":"post","2":"type-post","3":"status-publish","4":"format-standard","5":"has-post-thumbnail","7":"category-brasil","8":"category-economia","9":"entry","10":"gs-1","11":"gs-odd","12":"gs-even","13":"gs-featured-content-entry"},"jetpack_featured_media_url":"https:\/\/www.redenoticia.com.br\/noticia\/imagens\/economia-grafica-analise-inflacao.jpg","jetpack_sharing_enabled":true,"jetpack_likes_enabled":true,"_links":{"self":[{"href":"https:\/\/www.redenoticia.com.br\/noticia\/wp-json\/wp\/v2\/posts\/109889","targetHints":{"allow":["GET"]}}],"collection":[{"href":"https:\/\/www.redenoticia.com.br\/noticia\/wp-json\/wp\/v2\/posts"}],"about":[{"href":"https:\/\/www.redenoticia.com.br\/noticia\/wp-json\/wp\/v2\/types\/post"}],"author":[{"embeddable":true,"href":"https:\/\/www.redenoticia.com.br\/noticia\/wp-json\/wp\/v2\/users\/2"}],"replies":[{"embeddable":true,"href":"https:\/\/www.redenoticia.com.br\/noticia\/wp-json\/wp\/v2\/comments?post=109889"}],"version-history":[{"count":0,"href":"https:\/\/www.redenoticia.com.br\/noticia\/wp-json\/wp\/v2\/posts\/109889\/revisions"}],"wp:featuredmedia":[{"embeddable":true,"href":"https:\/\/www.redenoticia.com.br\/noticia\/wp-json\/wp\/v2\/media\/57584"}],"wp:attachment":[{"href":"https:\/\/www.redenoticia.com.br\/noticia\/wp-json\/wp\/v2\/media?parent=109889"}],"wp:term":[{"taxonomy":"category","embeddable":true,"href":"https:\/\/www.redenoticia.com.br\/noticia\/wp-json\/wp\/v2\/categories?post=109889"},{"taxonomy":"post_tag","embeddable":true,"href":"https:\/\/www.redenoticia.com.br\/noticia\/wp-json\/wp\/v2\/tags?post=109889"}],"curies":[{"name":"wp","href":"https:\/\/api.w.org\/{rel}","templated":true}]}}