{"id":109733,"date":"2017-03-24T00:12:32","date_gmt":"2017-03-24T03:12:32","guid":{"rendered":"http:\/\/www.redenoticia.com.br\/noticia\/?p=109733"},"modified":"2017-03-23T19:13:42","modified_gmt":"2017-03-23T22:13:42","slug":"alimentos-conta-de-luz-e-cigarros-pressionam-inflacao-aponta-fgv","status":"publish","type":"post","link":"https:\/\/www.redenoticia.com.br\/noticia\/2017\/alimentos-conta-de-luz-e-cigarros-pressionam-inflacao-aponta-fgv\/109733","title":{"rendered":"Alimentos, conta de luz e cigarros pressionam infla\u00e7\u00e3o, aponta FGV"},"content":{"rendered":"<p> O <em><strong>\u00cdndice de Pre\u00e7os ao Consumidor Semanal<\/strong><\/em> (IPC-S) voltou a acelerar na terceira pr\u00e9via de mar\u00e7o com varia\u00e7\u00e3o de 0,39%, resultado 0,04 ponto percentual acima do registrado na segunda apura\u00e7\u00e3o do m\u00eas (0,35%). Entre a primeira e a segunda pesquisa do m\u00eas, a taxa tinha apresentado uma a diferen\u00e7a de apenas um ponto percentual ao passar de 0,34% para 0,35%.<\/p>\n<p>O levantamento \u00e9 feito pelo Instituto Brasileiro de Economia da Funda\u00e7\u00e3o Getulio Vargas (Ibre\/FGV) em Recife, Salvador, Rio de Janeiro, S\u00e3o Paulo, Belo Horizonte, Bras\u00edlia e Porto Alegre.<\/p>\n<p>Em quatro das oito grupos pesquisados, foram constatados aumentos no ritmo de remarca\u00e7\u00e3o de pre\u00e7os com destaque para alimenta\u00e7\u00e3o com alta de 0,42% ante 0,25%.Os itens que mais pressionaram essa classe de despesa foram os latic\u00ednios, que ficaram 1,02% mais caros sobre um aumento de 0,57%.<\/p>\n<p>Em habita\u00e7\u00e3o, o \u00edndice subiu de 0,72% para 0,94%, ainda sob a influ\u00eancia, principalmente, da conta de luz (de 2,91% para 4,62%). No grupo despesas diversas, a taxa passou de 0,70% para 0,80%, com a press\u00e3o vinda dos cigarros (de 0,94% para 1,32%) e, em sa\u00fade e cuidados pessoais, houve alta de 0,61% sobre uma eleva\u00e7\u00e3o anterior de 0,56%. Neste \u00faltimo grupo, o motivo foi a corre\u00e7\u00e3o de pre\u00e7os dos artigos de higiene e cuidado pessoal (de 0,17% para 0,76%).<\/p>\n<p>Transportes t\u00eam queda de pre\u00e7os<\/p>\n<p>Em sentido oposto, ocorreu queda de 0,03% em transportes, ap\u00f3s uma varia\u00e7\u00e3o de 0,23%, no levantamento da segunda pr\u00e9via. O recuo foi provocado, principalmente, pela redu\u00e7\u00e3o no pre\u00e7o da gasolina (de -0,34% para -1,22%). J\u00e1 em comunica\u00e7\u00e3o foi verificada uma desacelera\u00e7\u00e3o (de -0,51% para -0,77%), puxada pela tarifa de telefone residencial (de -2,05% para -2,96%).<\/p>\n<p>O aumento tamb\u00e9m foi menos intenso em vestu\u00e1rio (de 0,25% para 0,12%) com varia\u00e7\u00e3o de pre\u00e7os das roupas em baixa (de 0,08% para -0,30%). Em educa\u00e7\u00e3o, leitura e recrea\u00e7\u00e3o , a taxa recuou de -0,12% para -0,18%, um reflexo da perda de velocidade nos reajustes dos ingressos para shows e outros eventos em salas de espet\u00e1culos.<\/p>\n<p>Os itens que mais pressionaram a infla\u00e7\u00e3o no per\u00edodo foram tarifa de energia el\u00e9trica (4,62%), plano e seguro sa\u00fade (1%), condom\u00ednio residencial (1,25%), refei\u00e7\u00f5es em bares e restaurantes (0,46%) e leite tipo longa vida (2,39%).<\/p>\n<p>Os que ajudaram a compensar esses aumentos foram gasolina (-1,22%), tarifa de telefone residencial (-2,96%), passagem a\u00e9rea (-12,19%), etanol (-2,20%) e ma\u00e7\u00e3 (-9,33%).<\/p>\n<p>Marli Moreira &#8211; Rep\u00f3rter da Ag\u00eancia Brasil<br \/>\nEdi\u00e7\u00e3o: Kleber Sampaio<br \/>\n24\/03\/2017<\/p>\n","protected":false},"excerpt":{"rendered":"<p>O \u00cdndice de Pre\u00e7os ao Consumidor Semanal (IPC-S) voltou a acelerar na terceira pr\u00e9via de mar\u00e7o com varia\u00e7\u00e3o de 0,39%, resultado 0,04 ponto percentual acima do registrado na segunda apura\u00e7\u00e3o do m\u00eas (0,35%). Entre a primeira e a segunda pesquisa do m\u00eas, a taxa tinha apresentado uma a diferen\u00e7a de apenas um ponto percentual ao [&hellip;]<\/p>\n","protected":false},"author":2,"featured_media":57584,"comment_status":"open","ping_status":"closed","sticky":false,"template":"","format":"standard","meta":{"_genesis_hide_title":false,"_genesis_hide_breadcrumbs":false,"_genesis_hide_singular_image":false,"_genesis_hide_footer_widgets":false,"_genesis_custom_body_class":"","_genesis_custom_post_class":"","_genesis_layout":"","_jetpack_memberships_contains_paid_content":false,"footnotes":""},"categories":[22,7],"tags":[],"class_list":{"0":"post-109733","1":"post","2":"type-post","3":"status-publish","4":"format-standard","5":"has-post-thumbnail","7":"category-brasil","8":"category-economia","9":"entry","10":"gs-1","11":"gs-odd","12":"gs-even","13":"gs-featured-content-entry"},"jetpack_featured_media_url":"https:\/\/www.redenoticia.com.br\/noticia\/imagens\/economia-grafica-analise-inflacao.jpg","jetpack_sharing_enabled":true,"jetpack_likes_enabled":true,"_links":{"self":[{"href":"https:\/\/www.redenoticia.com.br\/noticia\/wp-json\/wp\/v2\/posts\/109733","targetHints":{"allow":["GET"]}}],"collection":[{"href":"https:\/\/www.redenoticia.com.br\/noticia\/wp-json\/wp\/v2\/posts"}],"about":[{"href":"https:\/\/www.redenoticia.com.br\/noticia\/wp-json\/wp\/v2\/types\/post"}],"author":[{"embeddable":true,"href":"https:\/\/www.redenoticia.com.br\/noticia\/wp-json\/wp\/v2\/users\/2"}],"replies":[{"embeddable":true,"href":"https:\/\/www.redenoticia.com.br\/noticia\/wp-json\/wp\/v2\/comments?post=109733"}],"version-history":[{"count":0,"href":"https:\/\/www.redenoticia.com.br\/noticia\/wp-json\/wp\/v2\/posts\/109733\/revisions"}],"wp:featuredmedia":[{"embeddable":true,"href":"https:\/\/www.redenoticia.com.br\/noticia\/wp-json\/wp\/v2\/media\/57584"}],"wp:attachment":[{"href":"https:\/\/www.redenoticia.com.br\/noticia\/wp-json\/wp\/v2\/media?parent=109733"}],"wp:term":[{"taxonomy":"category","embeddable":true,"href":"https:\/\/www.redenoticia.com.br\/noticia\/wp-json\/wp\/v2\/categories?post=109733"},{"taxonomy":"post_tag","embeddable":true,"href":"https:\/\/www.redenoticia.com.br\/noticia\/wp-json\/wp\/v2\/tags?post=109733"}],"curies":[{"name":"wp","href":"https:\/\/api.w.org\/{rel}","templated":true}]}}