{"id":109731,"date":"2017-03-24T00:10:59","date_gmt":"2017-03-24T03:10:59","guid":{"rendered":"http:\/\/www.redenoticia.com.br\/noticia\/?p=109731"},"modified":"2017-03-23T19:12:25","modified_gmt":"2017-03-23T22:12:25","slug":"governo-reduz-projecao-do-crescimento-da-economia-para-05-este-ano","status":"publish","type":"post","link":"https:\/\/www.redenoticia.com.br\/noticia\/2017\/governo-reduz-projecao-do-crescimento-da-economia-para-05-este-ano\/109731","title":{"rendered":"Governo reduz proje\u00e7\u00e3o do crescimento da economia para 0,5% este ano"},"content":{"rendered":"<p> A economia brasileira deve apresentar crescimento de 0,5% este ano, segundo estimativa para o <em><strong>Produto Interno Bruto<\/strong><\/em> (PIB \u2013 a soma de todas as riquezas produzidas no pa\u00eds), divulgada em Bras\u00edlia, pelo Minist\u00e9rio da Fazenda. A proje\u00e7\u00e3o anterior era 1%. A estimativa est\u00e1 pr\u00f3xima da esperada pelo mercado financeiro, que projeta expans\u00e3o do PIB de 0,48%. Em 2016, o PIB teve queda de 3,6%. Para 2018, a estimativa \u00e9 de expans\u00e3o do PIB em 2,5%.<\/p>\n<p>A proje\u00e7\u00e3o para a infla\u00e7\u00e3o, medida pelo \u00cdndice Nacional de Pre\u00e7os ao Consumidor Amplo (IPCA) \u00e9 4,3% este ano, e 4,5% em 2018. A estimativa anterior do governo para a infla\u00e7\u00e3o este ano era 4,7%.<\/p>\n<p>Hoje, o governo tamb\u00e9m divulgar\u00e1 o Relat\u00f3rio de Avalia\u00e7\u00e3o de Receitas e Despesas, lan\u00e7ado a cada dois meses, com os par\u00e2metros oficiais da economia e as previs\u00f5es de arrecada\u00e7\u00e3o, de gastos e de cortes no Or\u00e7amento. Com base no documento, o governo edita um decreto de programa\u00e7\u00e3o or\u00e7ament\u00e1ria, com novos limites de gastos para cada minist\u00e9rio ou \u00f3rg\u00e3o federal.<\/p>\n<p>Ontem, o ministro da Fazenda, Henrique Meirelles, reafirmou que n\u00e3o est\u00e1 descartado o aumento de impostos e disse que o valor do contingenciamento ser\u00e1 a &#8220;combina\u00e7\u00e3o poss\u00edvel&#8221;. Segundo ele, o objetivo principal \u00e9 cumprir a meta fiscal de 2017, com um d\u00e9ficit previsto de R$ 139 bilh\u00f5es.<\/p>\n<p>Compara\u00e7\u00e3o entre trimestres<\/p>\n<p>O Minist\u00e9rio da Fazenda tamb\u00e9m atualizou as estimativas para o PIB na compara\u00e7\u00e3o entre trimestres. Apesar de encerrar o ano com expans\u00e3o de 0,5%, o PIB registrar\u00e1 crescimento de 2,7% no quarto trimestre deste ano (outubro a dezembro) em rela\u00e7\u00e3o ao mesmo trimestre de 2016, informou o minist\u00e9rio. O n\u00famero representa uma melhoria em rela\u00e7\u00e3o a declara\u00e7\u00f5es anteriores do ministro da Fazenda, Henrique Meirelles.<\/p>\n<p>Em janeiro, no F\u00f3rum Econ\u00f4mico Mundial, em Davos, na Su\u00ed\u00e7a, Meirelles tinha afirmado que o PIB chegaria ao quarto trimestre com expans\u00e3o de 2% na compara\u00e7\u00e3o com o mesmo trimestre de 2016..<\/p>\n<p>No in\u00edcio deste m\u00eas, na reuni\u00e3o do Conselho de Desenvolvimento Econ\u00f4mico e Social, o ministro tinha dito que o crescimento na compara\u00e7\u00e3o trimestral ficaria em 2,4% .<\/p>\n<p>&#8220;O importante \u00e9 a compara\u00e7\u00e3o trimestral [trimestre contra trimestre do ano anterior]. \u00c9 esse n\u00famero que d\u00e1 a sensa\u00e7\u00e3o t\u00e9rmica da economia&#8221;, explicou o secret\u00e1rio de Pol\u00edcia Econ\u00f4mica do Minist\u00e9rio da Fazenda, Fabio Kanczuk. Ele n\u00e3o informou o impacto da revis\u00e3o do PIB sobre o Or\u00e7amento em 2017.<\/p>\n<p>Ainda hoje \u00e0 tarde, o Minist\u00e9rio do Planejamento anunciar\u00e1 a revis\u00e3o das receitas e o contingenciamento (bloqueio de gastos n\u00e3o obrigat\u00f3rios) para este ano com base na reestimativa do PIB.<\/p>\n<p>Kelly Oliveira &#8211; Rep\u00f3rter da Ag\u00eancia Brasil<br \/>\nEdi\u00e7\u00e3o: Kleber Sampaio<br \/>\n24\/03\/2017<\/p>\n","protected":false},"excerpt":{"rendered":"<p>A economia brasileira deve apresentar crescimento de 0,5% este ano, segundo estimativa para o Produto Interno Bruto (PIB \u2013 a soma de todas as riquezas produzidas no pa\u00eds), divulgada em Bras\u00edlia, pelo Minist\u00e9rio da Fazenda. A proje\u00e7\u00e3o anterior era 1%. A estimativa est\u00e1 pr\u00f3xima da esperada pelo mercado financeiro, que projeta expans\u00e3o do PIB de [&hellip;]<\/p>\n","protected":false},"author":2,"featured_media":38938,"comment_status":"open","ping_status":"closed","sticky":false,"template":"","format":"standard","meta":{"_genesis_hide_title":false,"_genesis_hide_breadcrumbs":false,"_genesis_hide_singular_image":false,"_genesis_hide_footer_widgets":false,"_genesis_custom_body_class":"","_genesis_custom_post_class":"","_genesis_layout":"","_jetpack_memberships_contains_paid_content":false,"footnotes":""},"categories":[22,7],"tags":[],"class_list":{"0":"post-109731","1":"post","2":"type-post","3":"status-publish","4":"format-standard","5":"has-post-thumbnail","7":"category-brasil","8":"category-economia","9":"entry","10":"gs-1","11":"gs-odd","12":"gs-even","13":"gs-featured-content-entry"},"jetpack_featured_media_url":"https:\/\/www.redenoticia.com.br\/noticia\/imagens\/economia1.jpg","jetpack_sharing_enabled":true,"jetpack_likes_enabled":true,"_links":{"self":[{"href":"https:\/\/www.redenoticia.com.br\/noticia\/wp-json\/wp\/v2\/posts\/109731","targetHints":{"allow":["GET"]}}],"collection":[{"href":"https:\/\/www.redenoticia.com.br\/noticia\/wp-json\/wp\/v2\/posts"}],"about":[{"href":"https:\/\/www.redenoticia.com.br\/noticia\/wp-json\/wp\/v2\/types\/post"}],"author":[{"embeddable":true,"href":"https:\/\/www.redenoticia.com.br\/noticia\/wp-json\/wp\/v2\/users\/2"}],"replies":[{"embeddable":true,"href":"https:\/\/www.redenoticia.com.br\/noticia\/wp-json\/wp\/v2\/comments?post=109731"}],"version-history":[{"count":0,"href":"https:\/\/www.redenoticia.com.br\/noticia\/wp-json\/wp\/v2\/posts\/109731\/revisions"}],"wp:featuredmedia":[{"embeddable":true,"href":"https:\/\/www.redenoticia.com.br\/noticia\/wp-json\/wp\/v2\/media\/38938"}],"wp:attachment":[{"href":"https:\/\/www.redenoticia.com.br\/noticia\/wp-json\/wp\/v2\/media?parent=109731"}],"wp:term":[{"taxonomy":"category","embeddable":true,"href":"https:\/\/www.redenoticia.com.br\/noticia\/wp-json\/wp\/v2\/categories?post=109731"},{"taxonomy":"post_tag","embeddable":true,"href":"https:\/\/www.redenoticia.com.br\/noticia\/wp-json\/wp\/v2\/tags?post=109731"}],"curies":[{"name":"wp","href":"https:\/\/api.w.org\/{rel}","templated":true}]}}