{"id":109729,"date":"2017-03-24T00:09:50","date_gmt":"2017-03-24T03:09:50","guid":{"rendered":"http:\/\/www.redenoticia.com.br\/noticia\/?p=109729"},"modified":"2017-03-23T19:10:52","modified_gmt":"2017-03-23T22:10:52","slug":"viagem-literaria-de-sp-chega-a-decima-edicao-com-o-dobro-de-atividades","status":"publish","type":"post","link":"https:\/\/www.redenoticia.com.br\/noticia\/2017\/viagem-literaria-de-sp-chega-a-decima-edicao-com-o-dobro-de-atividades\/109729","title":{"rendered":"Viagem Liter\u00e1ria de SP chega \u00e0 d\u00e9cima edi\u00e7\u00e3o com o dobro de atividades"},"content":{"rendered":"<p> O programa <em><strong>Viagem Liter\u00e1ria<\/strong><\/em> leva programa\u00e7\u00e3o cultural para bibliotecas municipais e comunit\u00e1rias do interior, litoral e da Grande S\u00e3o Paulo. O projeto promove a descentraliza\u00e7\u00e3o da cultural, onde muitas vezes a biblioteca \u00e9 o \u00fanico equipamento cultural de penas cidades. Para comemorar os 10 anos ser\u00e3o levadas 340 atividades, o dobro de 2016, para 85 munic\u00edpios paulistas.<\/p>\n<p>S\u00e3o cinco m\u00f3dulos de atividades. Capacita\u00e7\u00e3o das bibliotecas participantes em S\u00e3o Paulo, eventos de conta\u00e7\u00e3o de hist\u00f3rias, bate-papo com escritores de literatura adulta, conversa com autores voltados ao p\u00fablico infantojuvenil e, por fim, o m\u00f3dulo de escrita criativa. Um m\u00f3dulo por m\u00eas, sendo que o \u00faltimo se estende at\u00e9 dezembro.<\/p>\n<p>Veja a rela\u00e7\u00e3o completa dos munic\u00edpios atendidos. Em breve, ser\u00e3o anunciados os escritores e contadores de hist\u00f3rias participantes.<\/p>\n<p>Escrita Criativa<\/p>\n<p>O novo m\u00f3dulo de Escrita Criativa surge como uma das novidades deste ano. O m\u00f3dulo encerra uma programa\u00e7\u00e3o que contempla m\u00faltiplas facetas da literatura. As bibliotecas participantes ser\u00e3o orientadas na montagem do m\u00f3dulo de escrita criativa com capacita\u00e7\u00e3o realizada por Noemi Jaffe. Ela \u00e9 escritora, professora e cr\u00edtica liter\u00e1ria respons\u00e1vel por diversas oficinas bem sucedidas nesse segmento.<\/p>\n<p>Lan\u00e7ado em 2008, o Viagem Liter\u00e1ria integra o conjunto de a\u00e7\u00f5es do Sistema Estadual de Bibliotecas P\u00fablicas de S\u00e3o Paulo (SisEB). Entre adultos e crian\u00e7as, 285 mil participantes j\u00e1 prestigiaram as atividades. Al\u00e9m da programa\u00e7\u00e3o de encontros com os escritores, o programa traz em suas diretrizes a capacita\u00e7\u00e3o dos profissionais de biblioteca.<\/p>\n<p>Saiba mais sobre o Viagem Liter\u00e1ria .<\/p>\n<p>Do Portal do Governo SP<\/p>\n","protected":false},"excerpt":{"rendered":"<p>O programa Viagem Liter\u00e1ria leva programa\u00e7\u00e3o cultural para bibliotecas municipais e comunit\u00e1rias do interior, litoral e da Grande S\u00e3o Paulo. O projeto promove a descentraliza\u00e7\u00e3o da cultural, onde muitas vezes a biblioteca \u00e9 o \u00fanico equipamento cultural de penas cidades. Para comemorar os 10 anos ser\u00e3o levadas 340 atividades, o dobro de 2016, para 85 [&hellip;]<\/p>\n","protected":false},"author":2,"featured_media":34821,"comment_status":"open","ping_status":"closed","sticky":false,"template":"","format":"standard","meta":{"_genesis_hide_title":false,"_genesis_hide_breadcrumbs":false,"_genesis_hide_singular_image":false,"_genesis_hide_footer_widgets":false,"_genesis_custom_body_class":"","_genesis_custom_post_class":"","_genesis_layout":"","_jetpack_memberships_contains_paid_content":false,"footnotes":""},"categories":[22],"tags":[],"class_list":{"0":"post-109729","1":"post","2":"type-post","3":"status-publish","4":"format-standard","5":"has-post-thumbnail","7":"category-brasil","8":"entry","9":"gs-1","10":"gs-odd","11":"gs-even","12":"gs-featured-content-entry"},"jetpack_featured_media_url":"https:\/\/www.redenoticia.com.br\/noticia\/imagens\/livro1.jpg","jetpack_sharing_enabled":true,"jetpack_likes_enabled":true,"_links":{"self":[{"href":"https:\/\/www.redenoticia.com.br\/noticia\/wp-json\/wp\/v2\/posts\/109729","targetHints":{"allow":["GET"]}}],"collection":[{"href":"https:\/\/www.redenoticia.com.br\/noticia\/wp-json\/wp\/v2\/posts"}],"about":[{"href":"https:\/\/www.redenoticia.com.br\/noticia\/wp-json\/wp\/v2\/types\/post"}],"author":[{"embeddable":true,"href":"https:\/\/www.redenoticia.com.br\/noticia\/wp-json\/wp\/v2\/users\/2"}],"replies":[{"embeddable":true,"href":"https:\/\/www.redenoticia.com.br\/noticia\/wp-json\/wp\/v2\/comments?post=109729"}],"version-history":[{"count":0,"href":"https:\/\/www.redenoticia.com.br\/noticia\/wp-json\/wp\/v2\/posts\/109729\/revisions"}],"wp:featuredmedia":[{"embeddable":true,"href":"https:\/\/www.redenoticia.com.br\/noticia\/wp-json\/wp\/v2\/media\/34821"}],"wp:attachment":[{"href":"https:\/\/www.redenoticia.com.br\/noticia\/wp-json\/wp\/v2\/media?parent=109729"}],"wp:term":[{"taxonomy":"category","embeddable":true,"href":"https:\/\/www.redenoticia.com.br\/noticia\/wp-json\/wp\/v2\/categories?post=109729"},{"taxonomy":"post_tag","embeddable":true,"href":"https:\/\/www.redenoticia.com.br\/noticia\/wp-json\/wp\/v2\/tags?post=109729"}],"curies":[{"name":"wp","href":"https:\/\/api.w.org\/{rel}","templated":true}]}}