{"id":109604,"date":"2017-03-23T00:13:09","date_gmt":"2017-03-23T03:13:09","guid":{"rendered":"http:\/\/www.redenoticia.com.br\/noticia\/?p=109604"},"modified":"2017-03-22T14:13:50","modified_gmt":"2017-03-22T17:13:50","slug":"inflacao-oficial-acumula-taxa-de-473-em-12-meses-segundo-previa-de-marco","status":"publish","type":"post","link":"https:\/\/www.redenoticia.com.br\/noticia\/2017\/inflacao-oficial-acumula-taxa-de-473-em-12-meses-segundo-previa-de-marco\/109604","title":{"rendered":"Infla\u00e7\u00e3o oficial acumula taxa de 4,73% em 12 meses, segundo pr\u00e9via de mar\u00e7o"},"content":{"rendered":"<p> A pr\u00e9via da <strong><em>infla\u00e7\u00e3o<\/em><\/strong> oficial, medida pelo \u00cdndice Nacional de Pre\u00e7os ao Consumidor Amplo \u2013 15 (IPCA-15), registrou uma varia\u00e7\u00e3o de 0,15% em mar\u00e7o. A taxa \u00e9 inferior ao 0,54% de fevereiro deste ano e ao 0,43% de mar\u00e7o de 2016.<\/p>\n<p>Segundo dados divulgados pelo Instituto Brasileiro de Geografia e Estat\u00edstica (IBGE), o IPCA-15 acumula taxa de 4,73% em 12 meses, pr\u00f3ximo ao centro da meta de infla\u00e7\u00e3o do governo federal, que \u00e9 de 4,5%. No ano, a pr\u00e9via da infla\u00e7\u00e3o oficial acumula taxa de 1%.<\/p>\n<p> O 0,15% de mar\u00e7o \u00e9 o menor \u00edndice mensal do IPCA-15 desde agosto de 2014 (0,14%). \u00c9 tamb\u00e9m o menor registro para meses de mar\u00e7o desde 2009 (0,11%).<\/p>\n<p>Setores<\/p>\n<p>O principal respons\u00e1vel pela queda da taxa de infla\u00e7\u00e3o entre fevereiro e mar\u00e7o foram os transportes, que tiveram defla\u00e7\u00e3o (queda de pre\u00e7os) de 0,16%. O resultado foi motivado pelas varia\u00e7\u00f5es na gasolina (-1,06%), no etanol (-2,69%) e nas passagens a\u00e9reas (-9,71%).<\/p>\n<p>Os alimentos tamb\u00e9m tiveram queda de pre\u00e7os pelo segundo m\u00eas consecutivo. Desta vez, a defla\u00e7\u00e3o foi de 0,08%, devido \u00e0 varia\u00e7\u00e3o em produtos como feij\u00e3o-carioca (-10,36%), feij\u00e3o-preto (-8,27%), frango inteiro (-2,39%) e carnes (-1,31%).<\/p>\n<p>Por outro lado, os gastos com habita\u00e7\u00e3o evitaram uma queda maior da infla\u00e7\u00e3o, ao aumentarem em 0,64% na pr\u00e9via de mar\u00e7o. O principal respons\u00e1vel por esse movimento foi o custo da energia el\u00e9trica, que subiu 2,45% e respondeu por mais da metade da infla\u00e7\u00e3o no per\u00edodo.<\/p>\n<p>Vitor Abdala &#8211; Rep\u00f3rter da Ag\u00eancia Brasil<br \/>\nEdi\u00e7\u00e3o: Lidia Neves<br \/>\n23\/03\/2017 <\/p>\n","protected":false},"excerpt":{"rendered":"<p>A pr\u00e9via da infla\u00e7\u00e3o oficial, medida pelo \u00cdndice Nacional de Pre\u00e7os ao Consumidor Amplo \u2013 15 (IPCA-15), registrou uma varia\u00e7\u00e3o de 0,15% em mar\u00e7o. A taxa \u00e9 inferior ao 0,54% de fevereiro deste ano e ao 0,43% de mar\u00e7o de 2016. Segundo dados divulgados pelo Instituto Brasileiro de Geografia e Estat\u00edstica (IBGE), o IPCA-15 acumula [&hellip;]<\/p>\n","protected":false},"author":2,"featured_media":57584,"comment_status":"open","ping_status":"closed","sticky":false,"template":"","format":"standard","meta":{"_genesis_hide_title":false,"_genesis_hide_breadcrumbs":false,"_genesis_hide_singular_image":false,"_genesis_hide_footer_widgets":false,"_genesis_custom_body_class":"","_genesis_custom_post_class":"","_genesis_layout":"","_jetpack_memberships_contains_paid_content":false,"footnotes":""},"categories":[22,7],"tags":[],"class_list":{"0":"post-109604","1":"post","2":"type-post","3":"status-publish","4":"format-standard","5":"has-post-thumbnail","7":"category-brasil","8":"category-economia","9":"entry","10":"gs-1","11":"gs-odd","12":"gs-even","13":"gs-featured-content-entry"},"jetpack_featured_media_url":"https:\/\/www.redenoticia.com.br\/noticia\/imagens\/economia-grafica-analise-inflacao.jpg","jetpack_sharing_enabled":true,"jetpack_likes_enabled":true,"_links":{"self":[{"href":"https:\/\/www.redenoticia.com.br\/noticia\/wp-json\/wp\/v2\/posts\/109604","targetHints":{"allow":["GET"]}}],"collection":[{"href":"https:\/\/www.redenoticia.com.br\/noticia\/wp-json\/wp\/v2\/posts"}],"about":[{"href":"https:\/\/www.redenoticia.com.br\/noticia\/wp-json\/wp\/v2\/types\/post"}],"author":[{"embeddable":true,"href":"https:\/\/www.redenoticia.com.br\/noticia\/wp-json\/wp\/v2\/users\/2"}],"replies":[{"embeddable":true,"href":"https:\/\/www.redenoticia.com.br\/noticia\/wp-json\/wp\/v2\/comments?post=109604"}],"version-history":[{"count":0,"href":"https:\/\/www.redenoticia.com.br\/noticia\/wp-json\/wp\/v2\/posts\/109604\/revisions"}],"wp:featuredmedia":[{"embeddable":true,"href":"https:\/\/www.redenoticia.com.br\/noticia\/wp-json\/wp\/v2\/media\/57584"}],"wp:attachment":[{"href":"https:\/\/www.redenoticia.com.br\/noticia\/wp-json\/wp\/v2\/media?parent=109604"}],"wp:term":[{"taxonomy":"category","embeddable":true,"href":"https:\/\/www.redenoticia.com.br\/noticia\/wp-json\/wp\/v2\/categories?post=109604"},{"taxonomy":"post_tag","embeddable":true,"href":"https:\/\/www.redenoticia.com.br\/noticia\/wp-json\/wp\/v2\/tags?post=109604"}],"curies":[{"name":"wp","href":"https:\/\/api.w.org\/{rel}","templated":true}]}}