{"id":109602,"date":"2017-03-23T00:12:14","date_gmt":"2017-03-23T03:12:14","guid":{"rendered":"http:\/\/www.redenoticia.com.br\/noticia\/?p=109602"},"modified":"2017-03-22T14:13:01","modified_gmt":"2017-03-22T17:13:01","slug":"governo-estuda-conceder-mais-dez-aeroportos-a-iniciativa-privada","status":"publish","type":"post","link":"https:\/\/www.redenoticia.com.br\/noticia\/2017\/governo-estuda-conceder-mais-dez-aeroportos-a-iniciativa-privada\/109602","title":{"rendered":"Governo estuda conceder mais dez aeroportos \u00e0 iniciativa privada"},"content":{"rendered":"<p> O ministro do Planejamento, Desenvolvimento e Gest\u00e3o, Dyogo Oliveira, informou que o governo estuda a <strong><em>concess\u00e3o de pelo menos mais 10 aeroportos<\/em><\/strong> \u00e0 iniciativa privada. Entre os terminais que podem ser concedidos est\u00e3o o de Goi\u00e2nia, o de Vit\u00f3ria e o do Recife, disse o ministro. Os aeroportos de Guarulhos (SP), Santos Dumont (RJ) Manaus e Curitiba devem permanecer sob administra\u00e7\u00e3o da Empresa  Brasileira de Infraestrutura Aeroportu\u00e1ria (Infraero), mas isso tamb\u00e9m est\u00e1 em debate no governo.<\/p>\n<p>\u201cO processo est\u00e1 sendo discutido, tudo est\u00e1 em debate. Estamos discutindo quais aeroportos ficam com a Infraero, quais formar\u00e3o uma nova rodada de concess\u00f5es\u201d, disse Oliveira, ap\u00f3s participar do Latin American Conferences, evento organizado pelo Conselho das Am\u00e9ricas e realizado em Bras\u00edlia.<\/p>\n<p>Segundo o ministro, ainda n\u00e3o est\u00e1 definido se as pr\u00f3ximas concess\u00f5es ocorrer\u00e3o em bloco. \u201cCada um vai entrando \u00e0 medida que os projetos fiquem prontos\u201d, explicou. Oliveira disse que o governo avalia uma lista extensa de poss\u00edveis terminais que podem ser concedidos, mas acredita que a licita\u00e7\u00e3o n\u00e3o deve sair este ano.<\/p>\n<p>Na semana passada, o governo concedeu \u00e0 iniciativa privada a administra\u00e7\u00e3o dos aeroportos de Fortaleza, Salvador, Florian\u00f3polis e Porto Alegre, com um \u00e1gio de 93,7%.<\/p>\n<p> Sabrina Craide e Paulo Victor Chagas \u2013 Rep\u00f3rteres da Ag\u00eancia Brasil<br \/>\nEdi\u00e7\u00e3o: L\u00edlian Beraldo<br \/>\n23\/03\/2017<\/p>\n","protected":false},"excerpt":{"rendered":"<p>O ministro do Planejamento, Desenvolvimento e Gest\u00e3o, Dyogo Oliveira, informou que o governo estuda a concess\u00e3o de pelo menos mais 10 aeroportos \u00e0 iniciativa privada. Entre os terminais que podem ser concedidos est\u00e3o o de Goi\u00e2nia, o de Vit\u00f3ria e o do Recife, disse o ministro. Os aeroportos de Guarulhos (SP), Santos Dumont (RJ) Manaus [&hellip;]<\/p>\n","protected":false},"author":2,"featured_media":57583,"comment_status":"open","ping_status":"closed","sticky":false,"template":"","format":"standard","meta":{"_genesis_hide_title":false,"_genesis_hide_breadcrumbs":false,"_genesis_hide_singular_image":false,"_genesis_hide_footer_widgets":false,"_genesis_custom_body_class":"","_genesis_custom_post_class":"","_genesis_layout":"","_jetpack_memberships_contains_paid_content":false,"footnotes":""},"categories":[22,7],"tags":[],"class_list":{"0":"post-109602","1":"post","2":"type-post","3":"status-publish","4":"format-standard","5":"has-post-thumbnail","7":"category-brasil","8":"category-economia","9":"entry","10":"gs-1","11":"gs-odd","12":"gs-even","13":"gs-featured-content-entry"},"jetpack_featured_media_url":"https:\/\/www.redenoticia.com.br\/noticia\/imagens\/economia-grafico.jpg","jetpack_sharing_enabled":true,"jetpack_likes_enabled":true,"_links":{"self":[{"href":"https:\/\/www.redenoticia.com.br\/noticia\/wp-json\/wp\/v2\/posts\/109602","targetHints":{"allow":["GET"]}}],"collection":[{"href":"https:\/\/www.redenoticia.com.br\/noticia\/wp-json\/wp\/v2\/posts"}],"about":[{"href":"https:\/\/www.redenoticia.com.br\/noticia\/wp-json\/wp\/v2\/types\/post"}],"author":[{"embeddable":true,"href":"https:\/\/www.redenoticia.com.br\/noticia\/wp-json\/wp\/v2\/users\/2"}],"replies":[{"embeddable":true,"href":"https:\/\/www.redenoticia.com.br\/noticia\/wp-json\/wp\/v2\/comments?post=109602"}],"version-history":[{"count":0,"href":"https:\/\/www.redenoticia.com.br\/noticia\/wp-json\/wp\/v2\/posts\/109602\/revisions"}],"wp:featuredmedia":[{"embeddable":true,"href":"https:\/\/www.redenoticia.com.br\/noticia\/wp-json\/wp\/v2\/media\/57583"}],"wp:attachment":[{"href":"https:\/\/www.redenoticia.com.br\/noticia\/wp-json\/wp\/v2\/media?parent=109602"}],"wp:term":[{"taxonomy":"category","embeddable":true,"href":"https:\/\/www.redenoticia.com.br\/noticia\/wp-json\/wp\/v2\/categories?post=109602"},{"taxonomy":"post_tag","embeddable":true,"href":"https:\/\/www.redenoticia.com.br\/noticia\/wp-json\/wp\/v2\/tags?post=109602"}],"curies":[{"name":"wp","href":"https:\/\/api.w.org\/{rel}","templated":true}]}}