{"id":109600,"date":"2017-03-23T00:11:14","date_gmt":"2017-03-23T03:11:14","guid":{"rendered":"http:\/\/www.redenoticia.com.br\/noticia\/?p=109600"},"modified":"2017-03-22T14:12:09","modified_gmt":"2017-03-22T17:12:09","slug":"sondagem-industrial-indica-melhora-da-producao-em-fevereiro-diz-cni","status":"publish","type":"post","link":"https:\/\/www.redenoticia.com.br\/noticia\/2017\/sondagem-industrial-indica-melhora-da-producao-em-fevereiro-diz-cni\/109600","title":{"rendered":"Sondagem industrial indica melhora da produ\u00e7\u00e3o em fevereiro, diz CNI"},"content":{"rendered":"<p> A <strong><em>sondagem industrial<\/em><\/strong> de fevereiro, divulgada pela Confedera\u00e7\u00e3o Nacional da Ind\u00fastria (CNI), revela que o setor ainda passa por dificuldades \u2013 tanto a produ\u00e7\u00e3o industrial como o emprego continuam a apresentar queda. A utiliza\u00e7\u00e3o da capacidade instalada permaneceu inalterada em 63%.<\/p>\n<p>Por outro lado, segundo a entidade, as perspectivas quanto aos pr\u00f3ximos meses sugerem otimismo. Os empres\u00e1rios esperam melhora na demanda, nas exporta\u00e7\u00f5es e na compra de mat\u00e9rias-primas. O \u00edndice de inten\u00e7\u00f5es de investimento para os pr\u00f3ximos meses, por sua vez, registrou pequeno recuo na compara\u00e7\u00e3o mensal, mas teve crescimento significativo na compara\u00e7\u00e3o com o mesmo m\u00eas de 2016.<\/p>\n<p>Em fevereiro, o \u00edndice de evolu\u00e7\u00e3o da produ\u00e7\u00e3o atingiu 44,4 pontos \u2013 praticamente o mesmo observado em janeiro (crescimento de 0,2 ponto). Na compara\u00e7\u00e3o com fevereiro de 2016, o crescimento foi 2,2 pontos. \u201cA queda observada na produ\u00e7\u00e3o em fevereiro de 2017 foi menos intensa e disseminada que no mesmo m\u00eas do ano anterior\u201d, avaliou a CNI.<\/p>\n<p>Ainda de acordo com boletim divulgado pelo \u00f3rg\u00e3o, o \u00edndice de evolu\u00e7\u00e3o do n\u00famero de empregados registrou 45,9 pontos em fevereiro \u2013 3,1 pontos superior ao registrado no mesmo m\u00eas de 2016. Ainda que abaixo da linha divis\u00f3ria dos 50 pontos, o \u00edndice apresentou o maior valor para o m\u00eas de fevereiro desde 2015.<\/p>\n<p>A Utiliza\u00e7\u00e3o da Capacidade Instalada (UCI) manteve-se inalterada na passagem de janeiro para fevereiro, com 63% de utiliza\u00e7\u00e3o. O \u00edndice est\u00e1 neste patamar desde dezembro de 2016. A UCI efetiva\/usual continua a apontar baixa atividade industrial. Em fevereiro, alcan\u00e7ou 37,7 pontos, praticamente inalterado na compara\u00e7\u00e3o com janeiro.<\/p>\n<p>O n\u00edvel de estoques mostrou queda e manteve-se pr\u00f3ximo do planejado pelas empresas em fevereiro. O \u00edndice ficou em 49,4 pontos, enquanto o valor do estoque efetivo\/planejado ficou em 50,1 pontos. A pesquisa foi feita com 2.437 empresas de todo o pa\u00eds, sendo 984 pequenas, 885 m\u00e9dias e 568 grandes, entre os dias 2 e 14 deste m\u00eas.<\/p>\n<p>Paula Laboissi\u00e8re &#8211; Rep\u00f3rter da Ag\u00eancia Brasil<br \/>\nEdi\u00e7\u00e3o: Val\u00e9ria Aguiar<br \/>\n23\/03\/2017<\/p>\n","protected":false},"excerpt":{"rendered":"<p>A sondagem industrial de fevereiro, divulgada pela Confedera\u00e7\u00e3o Nacional da Ind\u00fastria (CNI), revela que o setor ainda passa por dificuldades \u2013 tanto a produ\u00e7\u00e3o industrial como o emprego continuam a apresentar queda. A utiliza\u00e7\u00e3o da capacidade instalada permaneceu inalterada em 63%. Por outro lado, segundo a entidade, as perspectivas quanto aos pr\u00f3ximos meses sugerem otimismo. [&hellip;]<\/p>\n","protected":false},"author":2,"featured_media":57582,"comment_status":"open","ping_status":"closed","sticky":false,"template":"","format":"standard","meta":{"_genesis_hide_title":false,"_genesis_hide_breadcrumbs":false,"_genesis_hide_singular_image":false,"_genesis_hide_footer_widgets":false,"_genesis_custom_body_class":"","_genesis_custom_post_class":"","_genesis_layout":"","_jetpack_memberships_contains_paid_content":false,"footnotes":""},"categories":[22,7],"tags":[],"class_list":{"0":"post-109600","1":"post","2":"type-post","3":"status-publish","4":"format-standard","5":"has-post-thumbnail","7":"category-brasil","8":"category-economia","9":"entry","10":"gs-1","11":"gs-odd","12":"gs-even","13":"gs-featured-content-entry"},"jetpack_featured_media_url":"https:\/\/www.redenoticia.com.br\/noticia\/imagens\/grafico1.jpg","jetpack_sharing_enabled":true,"jetpack_likes_enabled":true,"_links":{"self":[{"href":"https:\/\/www.redenoticia.com.br\/noticia\/wp-json\/wp\/v2\/posts\/109600","targetHints":{"allow":["GET"]}}],"collection":[{"href":"https:\/\/www.redenoticia.com.br\/noticia\/wp-json\/wp\/v2\/posts"}],"about":[{"href":"https:\/\/www.redenoticia.com.br\/noticia\/wp-json\/wp\/v2\/types\/post"}],"author":[{"embeddable":true,"href":"https:\/\/www.redenoticia.com.br\/noticia\/wp-json\/wp\/v2\/users\/2"}],"replies":[{"embeddable":true,"href":"https:\/\/www.redenoticia.com.br\/noticia\/wp-json\/wp\/v2\/comments?post=109600"}],"version-history":[{"count":0,"href":"https:\/\/www.redenoticia.com.br\/noticia\/wp-json\/wp\/v2\/posts\/109600\/revisions"}],"wp:featuredmedia":[{"embeddable":true,"href":"https:\/\/www.redenoticia.com.br\/noticia\/wp-json\/wp\/v2\/media\/57582"}],"wp:attachment":[{"href":"https:\/\/www.redenoticia.com.br\/noticia\/wp-json\/wp\/v2\/media?parent=109600"}],"wp:term":[{"taxonomy":"category","embeddable":true,"href":"https:\/\/www.redenoticia.com.br\/noticia\/wp-json\/wp\/v2\/categories?post=109600"},{"taxonomy":"post_tag","embeddable":true,"href":"https:\/\/www.redenoticia.com.br\/noticia\/wp-json\/wp\/v2\/tags?post=109600"}],"curies":[{"name":"wp","href":"https:\/\/api.w.org\/{rel}","templated":true}]}}