{"id":109511,"date":"2017-03-22T00:39:48","date_gmt":"2017-03-22T03:39:48","guid":{"rendered":"http:\/\/www.redenoticia.com.br\/noticia\/?p=109511"},"modified":"2017-03-21T14:10:30","modified_gmt":"2017-03-21T17:10:30","slug":"intencao-de-consumo-das-familias-sobe-09-em-marco","status":"publish","type":"post","link":"https:\/\/www.redenoticia.com.br\/noticia\/2017\/intencao-de-consumo-das-familias-sobe-09-em-marco\/109511","title":{"rendered":"Inten\u00e7\u00e3o de consumo das fam\u00edlias sobe 0,9% em mar\u00e7o"},"content":{"rendered":"<p> A <strong><em>Inten\u00e7\u00e3o de Consumo das Fam\u00edlias<\/em><\/strong> cresceu 0,9% em mar\u00e7o deste ano na compara\u00e7\u00e3o com o mesmo m\u00eas do ano passado. Segundo pesquisa da Confedera\u00e7\u00e3o Nacional do Com\u00e9rcio de Bens, Servi\u00e7os e Turismo (CNC), divulgada no Rio de Janeiro, o indicador tamb\u00e9m avan\u00e7ou 1,4% na compara\u00e7\u00e3o com fevereiro deste ano.<\/p>\n<p>Na compara\u00e7\u00e3o com mar\u00e7o de 2016, houve alta em tr\u00eas dos sete componentes do indicador, com destaque para a perspectiva de consumo, que subiu 13,1%. Tamb\u00e9m aumentaram o percentual de pessoas que consideram o momento bom para compra de bens dur\u00e1veis (6,6%) e a avalia\u00e7\u00e3o sobre o emprego atual (2,5%).<\/p>\n<p>A perspectiva profissional manteve-se est\u00e1vel. E ca\u00edram as avalia\u00e7\u00f5es sobre a renda atual (-3,4%), n\u00edvel de consumo atual (-4,1%) e compra a prazo (-5,2%).<\/p>\n<p>Vitor Abdala &#8211; Rep\u00f3rter da Ag\u00eancia Brasil<br \/>\nEdi\u00e7\u00e3o: Kleber Sampaio<br \/>\n22\/03\/2017<br \/>\n&#8212;<\/p>\n<p>Criada em 2007 para fortalecer o sistema p\u00fablico de comunica\u00e7\u00e3o, a EBC \u00e9 gestora da TV Brasil, TV Brasil Internacional, Ag\u00eancia Brasil, Radioag\u00eancia Nacional e do sistema p\u00fablico de R\u00e1dio, composto por oito emissoras: R\u00e1dio Nacional AM do Rio de Janeiro (1.130 KHz), R\u00e1dio Nacional AM de Bras\u00edlia (980 KHz), Nacional FM de Bras\u00edlia (96,1 MHz), R\u00e1dio MEC AM do Rio de Janeiro (800 KHz), MEC FM do Rio de Janeiro (99,3 MHz), R\u00e1dio Nacional da Amaz\u00f4nia OC (11.780 KHz e 6.180 KHz), R\u00e1dio Nacional AM do Alto Solim\u00f5es (670 KHz) e R\u00e1dio Nacional FM do Alto Solim\u00f5es (96.1 MHz). Por sua independ\u00eancia editorial, os ve\u00edculos p\u00fablicos distinguem-se dos canais estatais ou governamentais. A rede de emissoras produz conte\u00fados diferenciados que a singulariza por espelhar de maneira mais fidedigna a complexidade cultural brasileira, ocupando um espa\u00e7o complementar, n\u00e3o preenchido pelos canais privados.<\/p>\n","protected":false},"excerpt":{"rendered":"<p>A Inten\u00e7\u00e3o de Consumo das Fam\u00edlias cresceu 0,9% em mar\u00e7o deste ano na compara\u00e7\u00e3o com o mesmo m\u00eas do ano passado. Segundo pesquisa da Confedera\u00e7\u00e3o Nacional do Com\u00e9rcio de Bens, Servi\u00e7os e Turismo (CNC), divulgada no Rio de Janeiro, o indicador tamb\u00e9m avan\u00e7ou 1,4% na compara\u00e7\u00e3o com fevereiro deste ano. Na compara\u00e7\u00e3o com mar\u00e7o de [&hellip;]<\/p>\n","protected":false},"author":2,"featured_media":57585,"comment_status":"open","ping_status":"closed","sticky":false,"template":"","format":"standard","meta":{"_genesis_hide_title":false,"_genesis_hide_breadcrumbs":false,"_genesis_hide_singular_image":false,"_genesis_hide_footer_widgets":false,"_genesis_custom_body_class":"","_genesis_custom_post_class":"","_genesis_layout":"","_jetpack_memberships_contains_paid_content":false,"footnotes":""},"categories":[22,7],"tags":[],"class_list":{"0":"post-109511","1":"post","2":"type-post","3":"status-publish","4":"format-standard","5":"has-post-thumbnail","7":"category-brasil","8":"category-economia","9":"entry","10":"gs-1","11":"gs-odd","12":"gs-even","13":"gs-featured-content-entry"},"jetpack_featured_media_url":"https:\/\/www.redenoticia.com.br\/noticia\/imagens\/analise-economia.jpg","jetpack_sharing_enabled":true,"jetpack_likes_enabled":true,"_links":{"self":[{"href":"https:\/\/www.redenoticia.com.br\/noticia\/wp-json\/wp\/v2\/posts\/109511","targetHints":{"allow":["GET"]}}],"collection":[{"href":"https:\/\/www.redenoticia.com.br\/noticia\/wp-json\/wp\/v2\/posts"}],"about":[{"href":"https:\/\/www.redenoticia.com.br\/noticia\/wp-json\/wp\/v2\/types\/post"}],"author":[{"embeddable":true,"href":"https:\/\/www.redenoticia.com.br\/noticia\/wp-json\/wp\/v2\/users\/2"}],"replies":[{"embeddable":true,"href":"https:\/\/www.redenoticia.com.br\/noticia\/wp-json\/wp\/v2\/comments?post=109511"}],"version-history":[{"count":0,"href":"https:\/\/www.redenoticia.com.br\/noticia\/wp-json\/wp\/v2\/posts\/109511\/revisions"}],"wp:featuredmedia":[{"embeddable":true,"href":"https:\/\/www.redenoticia.com.br\/noticia\/wp-json\/wp\/v2\/media\/57585"}],"wp:attachment":[{"href":"https:\/\/www.redenoticia.com.br\/noticia\/wp-json\/wp\/v2\/media?parent=109511"}],"wp:term":[{"taxonomy":"category","embeddable":true,"href":"https:\/\/www.redenoticia.com.br\/noticia\/wp-json\/wp\/v2\/categories?post=109511"},{"taxonomy":"post_tag","embeddable":true,"href":"https:\/\/www.redenoticia.com.br\/noticia\/wp-json\/wp\/v2\/tags?post=109511"}],"curies":[{"name":"wp","href":"https:\/\/api.w.org\/{rel}","templated":true}]}}