{"id":109453,"date":"2017-03-21T00:40:41","date_gmt":"2017-03-21T03:40:41","guid":{"rendered":"http:\/\/www.redenoticia.com.br\/noticia\/?p=109453"},"modified":"2017-03-20T15:42:27","modified_gmt":"2017-03-20T18:42:27","slug":"ministerio-do-trabalho-reconhece-mais-21-ocupacoes-profissionais","status":"publish","type":"post","link":"https:\/\/www.redenoticia.com.br\/noticia\/2017\/ministerio-do-trabalho-reconhece-mais-21-ocupacoes-profissionais\/109453","title":{"rendered":"Minist\u00e9rio do Trabalho reconhece mais 21 ocupa\u00e7\u00f5es profissionais"},"content":{"rendered":"<p>O Minist\u00e9rio do Trabalho atualizou a tabela de <strong><em>Classifica\u00e7\u00e3o Brasileira de Ocupa\u00e7\u00f5es<\/em><\/strong> (CBO) e incluiu 21 novas categorias. Na lista, passam a constar, por exemplo, as fun\u00e7\u00f5es de sanitarista, t\u00e9cnico em espirometria (exame que mede velocidade de entrada e sa\u00edda de ar dos pulm\u00f5es), estoquista e monitor de ressocializa\u00e7\u00e3o prisional. Com as novas inclus\u00f5es, o pa\u00eds conta agora com 2.638 ocupa\u00e7\u00f5es reconhecidas.<\/p>\n<p>A pasta destacou que a CBO \u00e9 o documento que reconhece a exist\u00eancia de determinada ocupa\u00e7\u00e3o e n\u00e3o sua regulamenta\u00e7\u00e3o, que deve ser feita por lei e sancionada pela Presid\u00eancia da Rep\u00fablica. A atualiza\u00e7\u00e3o da tabela \u00e9 feita levando em conta mudan\u00e7as nos cen\u00e1rios tecnol\u00f3gico, cultural, econ\u00f4mico e social do pa\u00eds, que provocam altera\u00e7\u00f5es na din\u00e2mica do mercado de trabalho brasileiro.<\/p>\n<p>\u201cOs dados da CBO alimentam as bases estat\u00edsticas de trabalho e servem de subs\u00eddio para a formula\u00e7\u00e3o de pol\u00edticas p\u00fablicas de emprego\u201d, informou.<\/p>\n<p>Ainda segundo o minist\u00e9rio, o reconhecimento de uma ocupa\u00e7\u00e3o \u00e9 feito ap\u00f3s um estudo das atividades e do perfil da categoria. S\u00e3o levadas em considera\u00e7\u00e3o informa\u00e7\u00f5es descritas na Rela\u00e7\u00e3o Anual de Informa\u00e7\u00f5es Sociais, demandas geradas pelo Sistema Nacional de Emprego, pelas associa\u00e7\u00f5es e sindicatos (trabalhistas e patronais) e por profissionais aut\u00f4nomos.<\/p>\n<p>Confira abaixo as 21 novas ocupa\u00e7\u00f5es profissionais reconhecidas pelo governo:<\/p>\n<p>Sanitarista \u2013 planeja, coordena e avalia a\u00e7\u00f5es de sa\u00fade; define estrat\u00e9gias para unidades e\/ou programas de sa\u00fade; coordena interfaces com entidades sociais e profissionais.<\/p>\n<p>T\u00e9cnico em espirometria \u2013 realiza exames de diagn\u00f3stico ou de tratamento; planeja atendimento; organiza \u00e1rea de trabalho, equipamentos e acess\u00f3rios; opera equipamentos; prepara paciente para exame de diagn\u00f3stico ou de tratamento; atua na orienta\u00e7\u00e3o de pacientes.<\/p>\n<p>T\u00e9cnicos de sinaliza\u00e7\u00e3o n\u00e1utica \u2013 administra sinaliza\u00e7\u00e3o n\u00e1utica e registra os sinais.<\/p>\n<p>T\u00e9cnico em manobras em equipamentos de conv\u00e9s \u2013 administra sinaliza\u00e7\u00e3o n\u00e1utica e realiza a manuten\u00e7\u00e3o dos sinais n\u00e1uticos.<\/p>\n<p>T\u00e9cnico em sinais navais \u2013 executa os servi\u00e7os de sinaliza\u00e7\u00e3o n\u00e1utica.<\/p>\n<p>Auxiliar t\u00e9cnico de sinaliza\u00e7\u00e3o n\u00e1utica \u2013 auxilia na execu\u00e7\u00e3o dos servi\u00e7os de sinaliza\u00e7\u00e3o n\u00e1utica.<\/p>\n<p>Analista de desembara\u00e7o aduaneiro \u2013 executa atividades burocr\u00e1ticas do processo de desembara\u00e7o alfandeg\u00e1rio, analisa a viabilidade de importa\u00e7\u00e3o ou exporta\u00e7\u00e3o, d\u00e1 assist\u00eancia aos clientes, analisa documenta\u00e7\u00e3o, realiza classifica\u00e7\u00e3o fiscal da mercadoria, acompanha a carga, recolhe impostos devidos, auxilia despachante na resolu\u00e7\u00e3o de problemas junto \u00e0 Receita Federal e outros \u00f3rg\u00e3os governamentais.<\/p>\n<p>Supervisor de log\u00edstica \u2013 supervisiona e controla servi\u00e7os log\u00edsticos, administra processos log\u00edsticos e gerencia almoxarifado\/estoque; supervisiona equipes, orientando e avaliando desempenho em busca da melhor qualidade no trabalho.<\/p>\n<p>Conferente de mercadoria (exceto carga e descarga) \u2013 recebe e confere produtos e materiais em almoxarifados, verificando se est\u00e1 na quantidade correta para distribui\u00e7\u00e3o, embarque ou venda.<\/p>\n<p>Estoquista \u2013 promove o acondicionamento de qualquer tipo de mercadoria, preservando o estoque limpo e organizado; empacota ou desempacota os produtos e organiza-os no estoque da melhor maneira, para facilitar a movimenta\u00e7\u00e3o dos itens armazenados e sua constante verifica\u00e7\u00e3o.<\/p>\n<p>Expedidor de mercadorias \u2013 expede materiais e produtos, examinando-os, providenciando os despachos dos mesmos e efetuando os registros necess\u00e1rios para fazer os encaminhamentos de acordo com as requisi\u00e7\u00f5es.<\/p>\n<p>Auxiliar de log\u00edstica \u2013 auxilia no processo de log\u00edstica, realizando lan\u00e7amento de notas fiscais no sistema e entrada e sa\u00edda de materiais, monitora entregas aos clientes e controla abastecimento do estoque.<\/p>\n<p>Monitor de ressocializa\u00e7\u00e3o prisional \u2013 controla acesso de pessoas e ve\u00edculos em unidade penal, distribuem alimenta\u00e7\u00e3o, conduzem presos ou internados para desenvolvimento de atividades culturais, esportivas, escolares, laborativas, recreativas e ressocializadoras. N\u00e3o possui nenhum poder de pol\u00edcia.<\/p>\n<p>Trabalhador portu\u00e1rio de capatazia \u2013 prepara cargas e descargas de mercadorias; movimenta e fixa mercadorias e cargas em navios, aeronaves, caminh\u00f5es, vag\u00f5es e instala\u00e7\u00f5es portu\u00e1rias; manuseia cargas especiais; opera equipamentos de carga e descarga; estabelece comunica\u00e7\u00e3o, emitindo, recebendo e verificando mensagens.<\/p>\n<p>Analista de Planejamento e Controle da Produ\u00e7\u00e3o (PCP) \u2013 planeja processos produtivos e log\u00edsticos; acompanha implanta\u00e7\u00e3o de novos projetos log\u00edsticos e controla o desenvolvimento das atividades dos processos produtivos e log\u00edsticos com o objetivo de verificar o cumprimento das metas estabelecidas.<\/p>\n<p>Analista de planejamento de materiais \u2013 planeja processos produtivos e log\u00edsticos definindo os recursos necess\u00e1rios, estabelecendo metas e criando indicadores de produtividade; elabora projetos log\u00edsticos dimensionando as necessidades de recursos humanos, materiais e outros que se fa\u00e7am necess\u00e1rios; acompanha implanta\u00e7\u00e3o de novos projetos log\u00edsticos.<\/p>\n<p>Analista de log\u00edstica \u2013 planeja processos produtivos e log\u00edsticos; elabora projetos log\u00edsticos; acompanha implanta\u00e7\u00e3o de novos projetos log\u00edsticos e controla o desenvolvimento das atividades dos processos produtivos e log\u00edsticos com o objetivo de verificar o cumprimento das metas estabelecidas.<\/p>\n<p>Analista de projetos log\u00edsticos \u2013 planeja processos produtivos e log\u00edsticos definindo os recursos necess\u00e1rios, estabelecendo metas e criando indicadores de produtividade; elabora projetos log\u00edsticos dimensionando as necessidades de recursos humanos, materiais e outros que se fa\u00e7am necess\u00e1rios; acompanha implanta\u00e7\u00e3o de novos projetos log\u00edsticos e controla o desenvolvimento das atividades dos processos produtivos e log\u00edsticos com o objetivo de verificar o cumprimento das metas estabelecidas.<\/p>\n<p>Analista de estoques \u2013 elabora projetos log\u00edsticos dimensionando as necessidades de recursos humanos, materiais e outros que se fa\u00e7am necess\u00e1rios; acompanha implanta\u00e7\u00e3o de novos projetos e controla o desenvolvimento das atividades.<\/p>\n<p>Coordenador de aplica\u00e7\u00e3o de provas (concursos, avalia\u00e7\u00e3o, exame) \u2013 aplica provas (concurso, avalia\u00e7\u00e3o e exame), seguindo as normas de seguran\u00e7a e sigilo do evento; planeja as a\u00e7\u00f5es e prepara o evento; seleciona espa\u00e7os f\u00edsicos de acordo com o perfil do evento; gerencia equipe de colaboradores, capacitando-os e alocando-os de acordo com a fun\u00e7\u00e3o e perfil.<\/p>\n<p>Aplicador de provas \u2013 aplica provas (concurso, avalia\u00e7\u00e3o e exame), seguindo as normas de seguran\u00e7a e sigilo do evento.<\/p>\n<p>Paula Laboissi\u00e8re \u2013 Rep\u00f3rter da Ag\u00eancia Brasil<br \/>\nEdi\u00e7\u00e3o: Denise Griesinger<br \/>\n21\/03\/2017<\/p>\n","protected":false},"excerpt":{"rendered":"<p>O Minist\u00e9rio do Trabalho atualizou a tabela de Classifica\u00e7\u00e3o Brasileira de Ocupa\u00e7\u00f5es (CBO) e incluiu 21 novas categorias. Na lista, passam a constar, por exemplo, as fun\u00e7\u00f5es de sanitarista, t\u00e9cnico em espirometria (exame que mede velocidade de entrada e sa\u00edda de ar dos pulm\u00f5es), estoquista e monitor de ressocializa\u00e7\u00e3o prisional. Com as novas inclus\u00f5es, o [&hellip;]<\/p>\n","protected":false},"author":2,"featured_media":40636,"comment_status":"open","ping_status":"closed","sticky":false,"template":"","format":"standard","meta":{"_genesis_hide_title":false,"_genesis_hide_breadcrumbs":false,"_genesis_hide_singular_image":false,"_genesis_hide_footer_widgets":false,"_genesis_custom_body_class":"","_genesis_custom_post_class":"","_genesis_layout":"","_jetpack_memberships_contains_paid_content":false,"footnotes":""},"categories":[22,7],"tags":[],"class_list":{"0":"post-109453","1":"post","2":"type-post","3":"status-publish","4":"format-standard","5":"has-post-thumbnail","7":"category-brasil","8":"category-economia","9":"entry","10":"gs-1","11":"gs-odd","12":"gs-even","13":"gs-featured-content-entry"},"jetpack_featured_media_url":"https:\/\/www.redenoticia.com.br\/noticia\/imagens\/economia-analise.jpg","jetpack_sharing_enabled":true,"jetpack_likes_enabled":true,"_links":{"self":[{"href":"https:\/\/www.redenoticia.com.br\/noticia\/wp-json\/wp\/v2\/posts\/109453","targetHints":{"allow":["GET"]}}],"collection":[{"href":"https:\/\/www.redenoticia.com.br\/noticia\/wp-json\/wp\/v2\/posts"}],"about":[{"href":"https:\/\/www.redenoticia.com.br\/noticia\/wp-json\/wp\/v2\/types\/post"}],"author":[{"embeddable":true,"href":"https:\/\/www.redenoticia.com.br\/noticia\/wp-json\/wp\/v2\/users\/2"}],"replies":[{"embeddable":true,"href":"https:\/\/www.redenoticia.com.br\/noticia\/wp-json\/wp\/v2\/comments?post=109453"}],"version-history":[{"count":0,"href":"https:\/\/www.redenoticia.com.br\/noticia\/wp-json\/wp\/v2\/posts\/109453\/revisions"}],"wp:featuredmedia":[{"embeddable":true,"href":"https:\/\/www.redenoticia.com.br\/noticia\/wp-json\/wp\/v2\/media\/40636"}],"wp:attachment":[{"href":"https:\/\/www.redenoticia.com.br\/noticia\/wp-json\/wp\/v2\/media?parent=109453"}],"wp:term":[{"taxonomy":"category","embeddable":true,"href":"https:\/\/www.redenoticia.com.br\/noticia\/wp-json\/wp\/v2\/categories?post=109453"},{"taxonomy":"post_tag","embeddable":true,"href":"https:\/\/www.redenoticia.com.br\/noticia\/wp-json\/wp\/v2\/tags?post=109453"}],"curies":[{"name":"wp","href":"https:\/\/api.w.org\/{rel}","templated":true}]}}