{"id":109451,"date":"2017-03-21T00:39:48","date_gmt":"2017-03-21T03:39:48","guid":{"rendered":"http:\/\/www.redenoticia.com.br\/noticia\/?p=109451"},"modified":"2017-03-20T15:40:36","modified_gmt":"2017-03-20T18:40:36","slug":"impostometro-da-associacao-comercial-de-sp-atinge-r-500-bilhoes","status":"publish","type":"post","link":"https:\/\/www.redenoticia.com.br\/noticia\/2017\/impostometro-da-associacao-comercial-de-sp-atinge-r-500-bilhoes\/109451","title":{"rendered":"Impost\u00f4metro da Associa\u00e7\u00e3o Comercial de SP atinge R$ 500 bilh\u00f5es"},"content":{"rendered":"<p> O <strong><em>Impost\u00f4metro<\/em><\/strong>, da Associa\u00e7\u00e3o Comercial de S\u00e3o Paulo (ACSP), marcou nesta segunda-feira (20), \u00e0s 6h50 da manh\u00e3, R$ 500 bilh\u00f5es j\u00e1 pagos pelos brasileiros em impostos, taxas e contribui\u00e7\u00f5es somente neste ano, sem descontar a infla\u00e7\u00e3o. Na compara\u00e7\u00e3o com o ano anterior, o painel atingiu esse valor no dia 29 de mar\u00e7o, ou seja, em 2017 os R$ 500 bilh\u00f5es foram atingidos nove dias antes de 2016.<\/p>\n<p>Segundo o presidente da ACSP e da Federa\u00e7\u00e3o da Associa\u00e7\u00e3o Comercial de S\u00e3o Paulo (Facesp), Alencar Burti, o aumento de arrecada\u00e7\u00e3o de um ano para outro \u00e9 um incentivo para que o governo federal descarte eleva\u00e7\u00e3o ou cria\u00e7\u00e3o de impostos.<\/p>\n<p>\u201cEsse crescimento \u00e9 sinal de que a recess\u00e3o perde for\u00e7a e a economia come\u00e7a a reagir. O controle de gastos e as reformas ajudar\u00e3o a sanear as contas p\u00fablicas nos pr\u00f3ximos anos. Por isso, vemos como desnecess\u00e1rio qualquer aumento tribut\u00e1rio porque retardaria a retomada da economia\u201d, afirma Burti.<\/p>\n<p>O painel foi implantado em 2005 pela ACSP, em sua sede na rua Boa Vista, centro da capital paulista, para conscientizar o cidad\u00e3o sobre a alta carga tribut\u00e1ria e incentiv\u00e1-lo a cobrar os governos por servi\u00e7os p\u00fablicos melhores. Para ter mais informa\u00e7\u00f5es sobre os valores arrecadados basta acessar o portal .<\/p>\n<p>Fl\u00e1via Albuquerque &#8211; Rep\u00f3rter da Ag\u00eancia Brasil<br \/>\nEdi\u00e7\u00e3o: Kleber Sampaio<br \/>\n21\/03\/2017<\/p>\n","protected":false},"excerpt":{"rendered":"<p>O Impost\u00f4metro, da Associa\u00e7\u00e3o Comercial de S\u00e3o Paulo (ACSP), marcou nesta segunda-feira (20), \u00e0s 6h50 da manh\u00e3, R$ 500 bilh\u00f5es j\u00e1 pagos pelos brasileiros em impostos, taxas e contribui\u00e7\u00f5es somente neste ano, sem descontar a infla\u00e7\u00e3o. Na compara\u00e7\u00e3o com o ano anterior, o painel atingiu esse valor no dia 29 de mar\u00e7o, ou seja, em [&hellip;]<\/p>\n","protected":false},"author":2,"featured_media":57582,"comment_status":"open","ping_status":"closed","sticky":false,"template":"","format":"standard","meta":{"_genesis_hide_title":false,"_genesis_hide_breadcrumbs":false,"_genesis_hide_singular_image":false,"_genesis_hide_footer_widgets":false,"_genesis_custom_body_class":"","_genesis_custom_post_class":"","_genesis_layout":"","_jetpack_memberships_contains_paid_content":false,"footnotes":""},"categories":[22,7],"tags":[],"class_list":{"0":"post-109451","1":"post","2":"type-post","3":"status-publish","4":"format-standard","5":"has-post-thumbnail","7":"category-brasil","8":"category-economia","9":"entry","10":"gs-1","11":"gs-odd","12":"gs-even","13":"gs-featured-content-entry"},"jetpack_featured_media_url":"https:\/\/www.redenoticia.com.br\/noticia\/imagens\/grafico1.jpg","jetpack_sharing_enabled":true,"jetpack_likes_enabled":true,"_links":{"self":[{"href":"https:\/\/www.redenoticia.com.br\/noticia\/wp-json\/wp\/v2\/posts\/109451","targetHints":{"allow":["GET"]}}],"collection":[{"href":"https:\/\/www.redenoticia.com.br\/noticia\/wp-json\/wp\/v2\/posts"}],"about":[{"href":"https:\/\/www.redenoticia.com.br\/noticia\/wp-json\/wp\/v2\/types\/post"}],"author":[{"embeddable":true,"href":"https:\/\/www.redenoticia.com.br\/noticia\/wp-json\/wp\/v2\/users\/2"}],"replies":[{"embeddable":true,"href":"https:\/\/www.redenoticia.com.br\/noticia\/wp-json\/wp\/v2\/comments?post=109451"}],"version-history":[{"count":0,"href":"https:\/\/www.redenoticia.com.br\/noticia\/wp-json\/wp\/v2\/posts\/109451\/revisions"}],"wp:featuredmedia":[{"embeddable":true,"href":"https:\/\/www.redenoticia.com.br\/noticia\/wp-json\/wp\/v2\/media\/57582"}],"wp:attachment":[{"href":"https:\/\/www.redenoticia.com.br\/noticia\/wp-json\/wp\/v2\/media?parent=109451"}],"wp:term":[{"taxonomy":"category","embeddable":true,"href":"https:\/\/www.redenoticia.com.br\/noticia\/wp-json\/wp\/v2\/categories?post=109451"},{"taxonomy":"post_tag","embeddable":true,"href":"https:\/\/www.redenoticia.com.br\/noticia\/wp-json\/wp\/v2\/tags?post=109451"}],"curies":[{"name":"wp","href":"https:\/\/api.w.org\/{rel}","templated":true}]}}