{"id":109449,"date":"2017-03-21T00:38:40","date_gmt":"2017-03-21T03:38:40","guid":{"rendered":"http:\/\/www.redenoticia.com.br\/noticia\/?p=109449"},"modified":"2017-03-20T15:39:43","modified_gmt":"2017-03-20T18:39:43","slug":"mercado-reduz-projecao-da-inflacao-de-419-para-415-este-ano","status":"publish","type":"post","link":"https:\/\/www.redenoticia.com.br\/noticia\/2017\/mercado-reduz-projecao-da-inflacao-de-419-para-415-este-ano\/109449","title":{"rendered":"Mercado reduz proje\u00e7\u00e3o da infla\u00e7\u00e3o de 4,19% para 4,15% este ano"},"content":{"rendered":"<p> O mercado financeiro reduziu, pela segunda vez consecutiva, a proje\u00e7\u00e3o para a <strong><em>infla\u00e7\u00e3o<\/em><\/strong> este ano. A estimativa para o \u00cdndice Nacional de Pre\u00e7os ao Consumidor Amplo (IPCA) passou de 4,19% para 4,15%, de acordo com o boletim Focus, uma publica\u00e7\u00e3o elaborada todas as semanas, pelo Banco Central (BC), e divulgada \u00e0s segundas-feiras.<\/p>\n<p>A estimativa para a infla\u00e7\u00e3o este ano est\u00e1 abaixo do centro da meta, que \u00e9 4,5%. A meta tem ainda limite inferior de 3% e superior de 6%. Para 2018, a proje\u00e7\u00e3o n\u00e3o foi alterada \u2013 continua em 4,5%.<\/p>\n<p>A estimativa de institui\u00e7\u00f5es financeiras para o crescimento da economia (Produto Interno Bruto \u2013 PIB \u2013 a soma de todas as riquezas produzidas pelo pa\u00eds) este ano foi mantida em 0,48%. Para o pr\u00f3ximo ano, passou de 2,4% para 2,5%.<\/p>\n<p>Para o mercado financeiro, a taxa Selic encerrar\u00e1 2017 em 9% ao ano. Para o final de 2018, a expectativa caiu de 8,75% para 8,50% ao ano. Atualmente, a Selic est\u00e1 em 12,25% ao ano. A Selic \u00e9 um dos instrumentos usados para influenciar a atividade econ\u00f4mica e a infla\u00e7\u00e3o.<\/p>\n<p>Quando o Copom aumenta a Selic, a meta \u00e9 conter a demanda aquecida, e isso gera reflexos nos pre\u00e7os, porque os juros mais altos encarecem o cr\u00e9dito e estimulam a poupan\u00e7a. Quando o Copom diminui os juros b\u00e1sicos, a tend\u00eancia \u00e9 que o cr\u00e9dito fique mais barato, com incentivo \u00e0 produ\u00e7\u00e3o e ao consumo, reduzindo o controle sobre a infla\u00e7\u00e3o.<\/p>\n<p>Kelly Oliveira &#8211; Rep\u00f3rter da Ag\u00eancia Brasil<br \/>\nEdi\u00e7\u00e3o: Kleber Sampaio<br \/>\n21\/03\/2017<\/p>\n","protected":false},"excerpt":{"rendered":"<p>O mercado financeiro reduziu, pela segunda vez consecutiva, a proje\u00e7\u00e3o para a infla\u00e7\u00e3o este ano. A estimativa para o \u00cdndice Nacional de Pre\u00e7os ao Consumidor Amplo (IPCA) passou de 4,19% para 4,15%, de acordo com o boletim Focus, uma publica\u00e7\u00e3o elaborada todas as semanas, pelo Banco Central (BC), e divulgada \u00e0s segundas-feiras. A estimativa para [&hellip;]<\/p>\n","protected":false},"author":2,"featured_media":57584,"comment_status":"open","ping_status":"closed","sticky":false,"template":"","format":"standard","meta":{"_genesis_hide_title":false,"_genesis_hide_breadcrumbs":false,"_genesis_hide_singular_image":false,"_genesis_hide_footer_widgets":false,"_genesis_custom_body_class":"","_genesis_custom_post_class":"","_genesis_layout":"","_jetpack_memberships_contains_paid_content":false,"footnotes":""},"categories":[22,7],"tags":[],"class_list":{"0":"post-109449","1":"post","2":"type-post","3":"status-publish","4":"format-standard","5":"has-post-thumbnail","7":"category-brasil","8":"category-economia","9":"entry","10":"gs-1","11":"gs-odd","12":"gs-even","13":"gs-featured-content-entry"},"jetpack_featured_media_url":"https:\/\/www.redenoticia.com.br\/noticia\/imagens\/economia-grafica-analise-inflacao.jpg","jetpack_sharing_enabled":true,"jetpack_likes_enabled":true,"_links":{"self":[{"href":"https:\/\/www.redenoticia.com.br\/noticia\/wp-json\/wp\/v2\/posts\/109449","targetHints":{"allow":["GET"]}}],"collection":[{"href":"https:\/\/www.redenoticia.com.br\/noticia\/wp-json\/wp\/v2\/posts"}],"about":[{"href":"https:\/\/www.redenoticia.com.br\/noticia\/wp-json\/wp\/v2\/types\/post"}],"author":[{"embeddable":true,"href":"https:\/\/www.redenoticia.com.br\/noticia\/wp-json\/wp\/v2\/users\/2"}],"replies":[{"embeddable":true,"href":"https:\/\/www.redenoticia.com.br\/noticia\/wp-json\/wp\/v2\/comments?post=109449"}],"version-history":[{"count":0,"href":"https:\/\/www.redenoticia.com.br\/noticia\/wp-json\/wp\/v2\/posts\/109449\/revisions"}],"wp:featuredmedia":[{"embeddable":true,"href":"https:\/\/www.redenoticia.com.br\/noticia\/wp-json\/wp\/v2\/media\/57584"}],"wp:attachment":[{"href":"https:\/\/www.redenoticia.com.br\/noticia\/wp-json\/wp\/v2\/media?parent=109449"}],"wp:term":[{"taxonomy":"category","embeddable":true,"href":"https:\/\/www.redenoticia.com.br\/noticia\/wp-json\/wp\/v2\/categories?post=109449"},{"taxonomy":"post_tag","embeddable":true,"href":"https:\/\/www.redenoticia.com.br\/noticia\/wp-json\/wp\/v2\/tags?post=109449"}],"curies":[{"name":"wp","href":"https:\/\/api.w.org\/{rel}","templated":true}]}}