{"id":109375,"date":"2017-03-20T00:30:13","date_gmt":"2017-03-20T03:30:13","guid":{"rendered":"http:\/\/www.redenoticia.com.br\/noticia\/?p=109375"},"modified":"2017-03-19T21:51:17","modified_gmt":"2017-03-20T00:51:17","slug":"indice-que-reajusta-alugueis-acumula-taxa-de-492-em-12-meses","status":"publish","type":"post","link":"https:\/\/www.redenoticia.com.br\/noticia\/2017\/indice-que-reajusta-alugueis-acumula-taxa-de-492-em-12-meses\/109375","title":{"rendered":"\u00cdndice que reajusta alugu\u00e9is acumula taxa de 4,92% em 12 meses"},"content":{"rendered":"<p> O \u00cdndice Geral de Pre\u00e7os &#8211; Mercado (<strong><em>IGP-M<\/em><\/strong>), usado no reajuste de contratos de aluguel, registrou taxa de 0,08% na segunda pr\u00e9via de mar\u00e7o, superior ao \u00edndice de 0,02% da segunda pr\u00e9via de fevereiro. O indicador acumula taxa de 4,92% em 12 meses, de acordo com dados divulgados pela Funda\u00e7\u00e3o Getulio Vargas (FGV).<\/p>\n<p>A alta do \u00edndice de fevereiro para mar\u00e7o foi provocada pelo aumento do custo da constru\u00e7\u00e3o civil e dos pre\u00e7os no atacado. A taxa do \u00cdndice de Pre\u00e7os ao Produtor Amplo, que avalia o atacado, por exemplo, subiu de -0,15% na pr\u00e9via de fevereiro para -0,08% na de mar\u00e7o.<\/p>\n<p>O \u00cdndice Nacional de Custo da Constru\u00e7\u00e3o teve infla\u00e7\u00e3o de 0,52% em mar\u00e7o, ante uma taxa de 0,35% em fevereiro.<\/p>\n<p>A infla\u00e7\u00e3o do \u00cdndice de Pre\u00e7os ao Consumidor (IPC), que acompanha a evolu\u00e7\u00e3o dos pre\u00e7os no varejo, caiu de 0,36% na pr\u00e9via de fevereiro para 0,32% em mar\u00e7o.<\/p>\n<p>Vitor Abdala \u2013 Rep\u00f3rter da Ag\u00eancia Brasil<br \/>\nEdi\u00e7\u00e3o: Gra\u00e7a Adjuto<br \/>\n20\/03\/2017<br \/>\n&#8212;<br \/>\nCriada em 2007 para fortalecer o sistema p\u00fablico de comunica\u00e7\u00e3o, a EBC \u00e9 gestora da TV Brasil, TV Brasil Internacional, Ag\u00eancia Brasil, Radioag\u00eancia Nacional e do sistema p\u00fablico de R\u00e1dio, composto por oito emissoras: R\u00e1dio Nacional AM do Rio de Janeiro (1.130 KHz), R\u00e1dio Nacional AM de Bras\u00edlia (980 KHz), Nacional FM de Bras\u00edlia (96,1 MHz), R\u00e1dio MEC AM do Rio de Janeiro (800 KHz), MEC FM do Rio de Janeiro (99,3 MHz), R\u00e1dio Nacional da Amaz\u00f4nia OC (11.780 KHz e 6.180 KHz), R\u00e1dio Nacional AM do Alto Solim\u00f5es (670 KHz) e R\u00e1dio Nacional FM do Alto Solim\u00f5es (96.1 MHz). Por sua independ\u00eancia editorial, os ve\u00edculos p\u00fablicos distinguem-se dos canais estatais ou governamentais. A rede de emissoras produz conte\u00fados diferenciados que a singulariza por espelhar de maneira mais fidedigna a complexidade cultural brasileira, ocupando um espa\u00e7o complementar, n\u00e3o preenchido pelos canais privados. <\/p>\n","protected":false},"excerpt":{"rendered":"<p>O \u00cdndice Geral de Pre\u00e7os &#8211; Mercado (IGP-M), usado no reajuste de contratos de aluguel, registrou taxa de 0,08% na segunda pr\u00e9via de mar\u00e7o, superior ao \u00edndice de 0,02% da segunda pr\u00e9via de fevereiro. O indicador acumula taxa de 4,92% em 12 meses, de acordo com dados divulgados pela Funda\u00e7\u00e3o Getulio Vargas (FGV). A alta [&hellip;]<\/p>\n","protected":false},"author":2,"featured_media":57585,"comment_status":"open","ping_status":"closed","sticky":false,"template":"","format":"standard","meta":{"_genesis_hide_title":false,"_genesis_hide_breadcrumbs":false,"_genesis_hide_singular_image":false,"_genesis_hide_footer_widgets":false,"_genesis_custom_body_class":"","_genesis_custom_post_class":"","_genesis_layout":"","_jetpack_memberships_contains_paid_content":false,"footnotes":""},"categories":[22,7],"tags":[],"class_list":{"0":"post-109375","1":"post","2":"type-post","3":"status-publish","4":"format-standard","5":"has-post-thumbnail","7":"category-brasil","8":"category-economia","9":"entry","10":"gs-1","11":"gs-odd","12":"gs-even","13":"gs-featured-content-entry"},"jetpack_featured_media_url":"https:\/\/www.redenoticia.com.br\/noticia\/imagens\/analise-economia.jpg","jetpack_sharing_enabled":true,"jetpack_likes_enabled":true,"_links":{"self":[{"href":"https:\/\/www.redenoticia.com.br\/noticia\/wp-json\/wp\/v2\/posts\/109375","targetHints":{"allow":["GET"]}}],"collection":[{"href":"https:\/\/www.redenoticia.com.br\/noticia\/wp-json\/wp\/v2\/posts"}],"about":[{"href":"https:\/\/www.redenoticia.com.br\/noticia\/wp-json\/wp\/v2\/types\/post"}],"author":[{"embeddable":true,"href":"https:\/\/www.redenoticia.com.br\/noticia\/wp-json\/wp\/v2\/users\/2"}],"replies":[{"embeddable":true,"href":"https:\/\/www.redenoticia.com.br\/noticia\/wp-json\/wp\/v2\/comments?post=109375"}],"version-history":[{"count":0,"href":"https:\/\/www.redenoticia.com.br\/noticia\/wp-json\/wp\/v2\/posts\/109375\/revisions"}],"wp:featuredmedia":[{"embeddable":true,"href":"https:\/\/www.redenoticia.com.br\/noticia\/wp-json\/wp\/v2\/media\/57585"}],"wp:attachment":[{"href":"https:\/\/www.redenoticia.com.br\/noticia\/wp-json\/wp\/v2\/media?parent=109375"}],"wp:term":[{"taxonomy":"category","embeddable":true,"href":"https:\/\/www.redenoticia.com.br\/noticia\/wp-json\/wp\/v2\/categories?post=109375"},{"taxonomy":"post_tag","embeddable":true,"href":"https:\/\/www.redenoticia.com.br\/noticia\/wp-json\/wp\/v2\/tags?post=109375"}],"curies":[{"name":"wp","href":"https:\/\/api.w.org\/{rel}","templated":true}]}}