{"id":109009,"date":"2017-03-14T16:34:42","date_gmt":"2017-03-14T19:34:42","guid":{"rendered":"http:\/\/www.redenoticia.com.br\/noticia\/?p=109009"},"modified":"2017-03-14T16:34:42","modified_gmt":"2017-03-14T19:34:42","slug":"resumo-novela-querida-inimiga-1503-ernesto-e-alonso-disputam-o-amor-de-lorena","status":"publish","type":"post","link":"https:\/\/www.redenoticia.com.br\/noticia\/2017\/resumo-novela-querida-inimiga-1503-ernesto-e-alonso-disputam-o-amor-de-lorena\/109009","title":{"rendered":"Resumo novela \u201cQuerida Inimiga\u201d 15\/03: Ernesto e Alonso disputam o amor de Lorena"},"content":{"rendered":"<p> <img loading=\"lazy\" decoding=\"async\" class=\"alignleft size-thumbnail wp-image-99744\" src=\"https:\/\/www.redenoticia.com.br\/noticia\/imagens\/querida_inimiga_resumo_novela_SBT-150x112.jpg\" alt=\"querida_inimiga_resumo_novela_sbt\" width=\"150\" height=\"112\" srcset=\"https:\/\/www.redenoticia.com.br\/noticia\/imagens\/querida_inimiga_resumo_novela_SBT-150x112.jpg 150w, https:\/\/www.redenoticia.com.br\/noticia\/imagens\/querida_inimiga_resumo_novela_SBT-265x198.jpg 265w\" sizes=\"auto, (max-width: 150px) 100vw, 150px\" \/><strong><em>Resumo novela \u201cQuerida Inimiga\u201d 15\/03<\/em><\/strong>: no cap\u00edtulo 087 (*) da novela \u201cQuerida Inimiga\u201d, resumo de quarta-feira, 15 de mar\u00e7o, Zulema descobre que esteve um ano em coma, chega Diana e a abra\u00e7a chorando. Lorena e Alonso se abra\u00e7am, ele diz que ela foi a \u00fanica que n\u00e3o perdeu a f\u00e9, Lorena expressa que agora nada mais importa, s\u00f3 sua m\u00e3e, Ernesto chega e v\u00ea os dois se abra\u00e7ando. Bruno e Hort\u00eancia se encontram frente a frente, ela joga na cara dele que suspeita que ele teve algo a ver com o coma de Zulema, como a amea\u00e7ava quando ela n\u00e3o podia se mexer ele trata de ver Sa\u00fal a for\u00e7a, Hort\u00eancia n\u00e3o deixa ele passar. <\/p>\n<p>Greta rasga fotos de Paula e Maria, se queixa de ter perdido suas amigas por Omar, ele se lamenta por ter perdido seus filhos, os dois brigam e ela termina indo para seu quarto. Omar liga para a casa de Zulema e fica sabendo por Matilde que Zulema j\u00e1 acordou. Bruno diz a Sara que Zulema acordou e Hort\u00eancia vive em sua casa. Santiago pergunta a David se Bruno n\u00e3o seria bissexual, ela duvida. <\/p>\n<p>Ernesto diz a Alonso que teve respeito enquanto Zulema estava em coma, mas agora far\u00e1 tudo para reconquistar Lorena, ele diz que pensa em fazer o mesmo, se declaram oficialmente rivais. Ernesto e Alonso jogam na cara os motivos de Lorena para terminar com cada um deles. Ernesto exige que desapare\u00e7a quando Lorena o aceitar, Alonso diz que ele lhe pede o mesmo. Lorena e Diana se alegram porque Zulema adormeceu sem perguntar por Omar, saem para que n\u00e3o as escute. Sara recrimina Bruno por n\u00e3o ter podido matar Zulema, ele se entristece porque ela voltou com sua obsess\u00e3o por Alonso.<\/p>\n<p>(*) edi\u00e7\u00e3o do SBT, Novela \u201cQuerida Inimiga\u201d, sujeito a altera\u00e7\u00e3o de data e conte\u00fado.<\/p>\n<p>Querida enemiga (no Brasil, Querida Inimiga ) \u00e9 uma telenovela mexicana produzida por Lucero Su\u00e1rez para a Televisa e exibida pelo Canal de las Estrellas entre 12 de maio e 10 de outubro de 2008, substituindo Palabra de mujer e sendo substitu\u00edda por En nombre del amor, em 110 cap\u00edtulos. A trama teve Ana Layevska, Gabriel Soto, Jorge Aravena, Mar\u00eda Rubio, Carmen Becerra, Marco M\u00e9ndez, Miguel \u00c1ngel Biaggio, Socorro Bonilla, Alfonso Iturralde, Luz Mar\u00eda Jerez e Luis Xavier nos papeis principais.<\/p>\n","protected":false},"excerpt":{"rendered":"<p>Resumo novela \u201cQuerida Inimiga\u201d 15\/03: no cap\u00edtulo 087 (*) da novela \u201cQuerida Inimiga\u201d, resumo de quarta-feira, 15 de mar\u00e7o, Zulema descobre que esteve um ano em coma, chega Diana e a abra\u00e7a chorando. Lorena e Alonso se abra\u00e7am, ele diz que ela foi a \u00fanica que n\u00e3o perdeu a f\u00e9, Lorena expressa que agora nada [&hellip;]<\/p>\n","protected":false},"author":2,"featured_media":99744,"comment_status":"open","ping_status":"closed","sticky":false,"template":"","format":"standard","meta":{"_genesis_hide_title":false,"_genesis_hide_breadcrumbs":false,"_genesis_hide_singular_image":false,"_genesis_hide_footer_widgets":false,"_genesis_custom_body_class":"","_genesis_custom_post_class":"","_genesis_layout":"","_jetpack_memberships_contains_paid_content":false,"footnotes":""},"categories":[379,372,343],"tags":[441],"class_list":{"0":"post-109009","1":"post","2":"type-post","3":"status-publish","4":"format-standard","5":"has-post-thumbnail","7":"category-novelas","8":"category-sbt","9":"category-televisao","10":"tag-resumo-do-dia","11":"entry","12":"gs-1","13":"gs-odd","14":"gs-even","15":"gs-featured-content-entry"},"jetpack_featured_media_url":"https:\/\/www.redenoticia.com.br\/noticia\/imagens\/querida_inimiga_resumo_novela_SBT.jpg","jetpack_sharing_enabled":true,"jetpack_likes_enabled":true,"_links":{"self":[{"href":"https:\/\/www.redenoticia.com.br\/noticia\/wp-json\/wp\/v2\/posts\/109009","targetHints":{"allow":["GET"]}}],"collection":[{"href":"https:\/\/www.redenoticia.com.br\/noticia\/wp-json\/wp\/v2\/posts"}],"about":[{"href":"https:\/\/www.redenoticia.com.br\/noticia\/wp-json\/wp\/v2\/types\/post"}],"author":[{"embeddable":true,"href":"https:\/\/www.redenoticia.com.br\/noticia\/wp-json\/wp\/v2\/users\/2"}],"replies":[{"embeddable":true,"href":"https:\/\/www.redenoticia.com.br\/noticia\/wp-json\/wp\/v2\/comments?post=109009"}],"version-history":[{"count":0,"href":"https:\/\/www.redenoticia.com.br\/noticia\/wp-json\/wp\/v2\/posts\/109009\/revisions"}],"wp:featuredmedia":[{"embeddable":true,"href":"https:\/\/www.redenoticia.com.br\/noticia\/wp-json\/wp\/v2\/media\/99744"}],"wp:attachment":[{"href":"https:\/\/www.redenoticia.com.br\/noticia\/wp-json\/wp\/v2\/media?parent=109009"}],"wp:term":[{"taxonomy":"category","embeddable":true,"href":"https:\/\/www.redenoticia.com.br\/noticia\/wp-json\/wp\/v2\/categories?post=109009"},{"taxonomy":"post_tag","embeddable":true,"href":"https:\/\/www.redenoticia.com.br\/noticia\/wp-json\/wp\/v2\/tags?post=109009"}],"curies":[{"name":"wp","href":"https:\/\/api.w.org\/{rel}","templated":true}]}}