{"id":108979,"date":"2017-03-15T00:37:51","date_gmt":"2017-03-15T03:37:51","guid":{"rendered":"http:\/\/www.redenoticia.com.br\/noticia\/?p=108979"},"modified":"2017-03-14T15:39:09","modified_gmt":"2017-03-14T18:39:09","slug":"consumidores-da-light-terao-reajuste-de-978-na-conta-de-luz","status":"publish","type":"post","link":"https:\/\/www.redenoticia.com.br\/noticia\/2017\/consumidores-da-light-terao-reajuste-de-978-na-conta-de-luz\/108979","title":{"rendered":"Consumidores da Light ter\u00e3o reajuste de 9,78% na conta de luz"},"content":{"rendered":"<p> Os consumidores residenciais atendidos pela distribuidora de energia Light ter\u00e3o reajuste de 9,78% nas tarifas a partir desta quarta-feira (15). A decis\u00e3o foi tomada pela diretoria da Ag\u00eancia Nacional de Energia El\u00e9trica (Aneel), que aprovou a quarta <strong><em>revis\u00e3o tarif\u00e1ria<\/em><\/strong> peri\u00f3dica da distribuidora.<\/p>\n<p>Para as ind\u00fastrias, o reajuste ser\u00e1 de 11,89%. A empresa atende 3,9 milh\u00f5es de unidades consumidoras localizadas na capital e em 31 munic\u00edpios do Rio de Janeiro.<\/p>\n<p>Diferentemente do reajuste tarif\u00e1rio que ocorre anualmente, a revis\u00e3o tarif\u00e1ria peri\u00f3dica \u00e9 realizada, em m\u00e9dia, a cada quatro anos e tem como objetivo reposicionar as tarifas cobradas dos consumidores ap\u00f3s analisar os custos e os investimentos para a presta\u00e7\u00e3o dos servi\u00e7os.<\/p>\n<p>Sabrina Craide \u2013 Rep\u00f3rter da Ag\u00eancia Brasil<br \/>\nEdi\u00e7\u00e3o: L\u00edlian Beraldo<br \/>\n15\/03\/2017<br \/>\n&#8212;<br \/>\nCriada em 2007 para fortalecer o sistema p\u00fablico de comunica\u00e7\u00e3o, a EBC \u00e9 gestora da TV Brasil, TV Brasil Internacional, Ag\u00eancia Brasil, Radioag\u00eancia Nacional e do sistema p\u00fablico de R\u00e1dio, composto por oito emissoras: R\u00e1dio Nacional AM do Rio de Janeiro (1.130 KHz), R\u00e1dio Nacional AM de Bras\u00edlia (980 KHz), Nacional FM de Bras\u00edlia (96,1 MHz), R\u00e1dio MEC AM do Rio de Janeiro (800 KHz), MEC FM do Rio de Janeiro (99,3 MHz), R\u00e1dio Nacional da Amaz\u00f4nia OC (11.780 KHz e 6.180 KHz), R\u00e1dio Nacional AM do Alto Solim\u00f5es (670 KHz) e R\u00e1dio Nacional FM do Alto Solim\u00f5es (96.1 MHz). Por sua independ\u00eancia editorial, os ve\u00edculos p\u00fablicos distinguem-se dos canais estatais ou governamentais. A rede de emissoras produz conte\u00fados diferenciados que a singulariza por espelhar de maneira mais fidedigna a complexidade cultural brasileira, ocupando um espa\u00e7o complementar, n\u00e3o preenchido pelos canais privados.<\/p>\n","protected":false},"excerpt":{"rendered":"<p>Os consumidores residenciais atendidos pela distribuidora de energia Light ter\u00e3o reajuste de 9,78% nas tarifas a partir desta quarta-feira (15). A decis\u00e3o foi tomada pela diretoria da Ag\u00eancia Nacional de Energia El\u00e9trica (Aneel), que aprovou a quarta revis\u00e3o tarif\u00e1ria peri\u00f3dica da distribuidora. Para as ind\u00fastrias, o reajuste ser\u00e1 de 11,89%. A empresa atende 3,9 milh\u00f5es [&hellip;]<\/p>\n","protected":false},"author":2,"featured_media":57584,"comment_status":"open","ping_status":"closed","sticky":false,"template":"","format":"standard","meta":{"_genesis_hide_title":false,"_genesis_hide_breadcrumbs":false,"_genesis_hide_singular_image":false,"_genesis_hide_footer_widgets":false,"_genesis_custom_body_class":"","_genesis_custom_post_class":"","_genesis_layout":"","_jetpack_memberships_contains_paid_content":false,"footnotes":""},"categories":[22,7],"tags":[],"class_list":{"0":"post-108979","1":"post","2":"type-post","3":"status-publish","4":"format-standard","5":"has-post-thumbnail","7":"category-brasil","8":"category-economia","9":"entry","10":"gs-1","11":"gs-odd","12":"gs-even","13":"gs-featured-content-entry"},"jetpack_featured_media_url":"https:\/\/www.redenoticia.com.br\/noticia\/imagens\/economia-grafica-analise-inflacao.jpg","jetpack_sharing_enabled":true,"jetpack_likes_enabled":true,"_links":{"self":[{"href":"https:\/\/www.redenoticia.com.br\/noticia\/wp-json\/wp\/v2\/posts\/108979","targetHints":{"allow":["GET"]}}],"collection":[{"href":"https:\/\/www.redenoticia.com.br\/noticia\/wp-json\/wp\/v2\/posts"}],"about":[{"href":"https:\/\/www.redenoticia.com.br\/noticia\/wp-json\/wp\/v2\/types\/post"}],"author":[{"embeddable":true,"href":"https:\/\/www.redenoticia.com.br\/noticia\/wp-json\/wp\/v2\/users\/2"}],"replies":[{"embeddable":true,"href":"https:\/\/www.redenoticia.com.br\/noticia\/wp-json\/wp\/v2\/comments?post=108979"}],"version-history":[{"count":0,"href":"https:\/\/www.redenoticia.com.br\/noticia\/wp-json\/wp\/v2\/posts\/108979\/revisions"}],"wp:featuredmedia":[{"embeddable":true,"href":"https:\/\/www.redenoticia.com.br\/noticia\/wp-json\/wp\/v2\/media\/57584"}],"wp:attachment":[{"href":"https:\/\/www.redenoticia.com.br\/noticia\/wp-json\/wp\/v2\/media?parent=108979"}],"wp:term":[{"taxonomy":"category","embeddable":true,"href":"https:\/\/www.redenoticia.com.br\/noticia\/wp-json\/wp\/v2\/categories?post=108979"},{"taxonomy":"post_tag","embeddable":true,"href":"https:\/\/www.redenoticia.com.br\/noticia\/wp-json\/wp\/v2\/tags?post=108979"}],"curies":[{"name":"wp","href":"https:\/\/api.w.org\/{rel}","templated":true}]}}