{"id":108977,"date":"2017-03-15T00:36:30","date_gmt":"2017-03-15T03:36:30","guid":{"rendered":"http:\/\/www.redenoticia.com.br\/noticia\/?p=108977"},"modified":"2017-03-14T15:37:46","modified_gmt":"2017-03-14T18:37:46","slug":"medidas-ligadas-ao-fgts-injetarao-r-48-bi-na-economia-estima-ministerio","status":"publish","type":"post","link":"https:\/\/www.redenoticia.com.br\/noticia\/2017\/medidas-ligadas-ao-fgts-injetarao-r-48-bi-na-economia-estima-ministerio\/108977","title":{"rendered":"Medidas ligadas ao FGTS injetar\u00e3o R$ 48 bi na economia, estima minist\u00e9rio"},"content":{"rendered":"<p> O Minist\u00e9rio do Planejamento, Desenvolvimento e Gest\u00e3o divulgou levantamento em que estima que medidas relacionadas ao uso do <strong><em>Fundo de Garantia do Tempo de Servi\u00e7o<\/em><\/strong> (FGTS) injetar\u00e3o R$ 48,2 bilh\u00f5es na economia este ano e ter\u00e3o impacto de aproximadamente 0,7 ponto percentual sobre o Produto Interno Bruto (PIB, a soma dos bens e riquezas produzidos em um pa\u00eds).<\/p>\n<p>Segundo o Planejamento, o saque das contas inativas do fundo, o aumento do limite para compra de im\u00f3vel com uso do FGTS e a atualiza\u00e7\u00e3o de par\u00e2metros para o Programa Minha Casa, Minha Vida ter\u00e3o impacto sobre o consumo das fam\u00edlias. A exce\u00e7\u00e3o \u00e9 o uso dos recursos para pagamento de d\u00edvidas imobili\u00e1rias.<\/p>\n<p>De acordo com levantamento da Secretaria de Planejamento e Assuntos Econ\u00f4micos do minist\u00e9rio, o FGTS \u201cse mostra sustent\u00e1vel tanto em termos de liquidez no curto prazo quanto em termos de solidez no longo prazo sob o ponto de vista da administra\u00e7\u00e3o de ativos e passivos\u201d.<\/p>\n<p>Da Ag\u00eancia Brasil<br \/>\nEdi\u00e7\u00e3o: F\u00e1bio Massalli<br \/>\n15\/03\/2017<\/p>\n","protected":false},"excerpt":{"rendered":"<p>O Minist\u00e9rio do Planejamento, Desenvolvimento e Gest\u00e3o divulgou levantamento em que estima que medidas relacionadas ao uso do Fundo de Garantia do Tempo de Servi\u00e7o (FGTS) injetar\u00e3o R$ 48,2 bilh\u00f5es na economia este ano e ter\u00e3o impacto de aproximadamente 0,7 ponto percentual sobre o Produto Interno Bruto (PIB, a soma dos bens e riquezas produzidos [&hellip;]<\/p>\n","protected":false},"author":2,"featured_media":57585,"comment_status":"open","ping_status":"closed","sticky":false,"template":"","format":"standard","meta":{"_genesis_hide_title":false,"_genesis_hide_breadcrumbs":false,"_genesis_hide_singular_image":false,"_genesis_hide_footer_widgets":false,"_genesis_custom_body_class":"","_genesis_custom_post_class":"","_genesis_layout":"","_jetpack_memberships_contains_paid_content":false,"footnotes":""},"categories":[22,7],"tags":[],"class_list":{"0":"post-108977","1":"post","2":"type-post","3":"status-publish","4":"format-standard","5":"has-post-thumbnail","7":"category-brasil","8":"category-economia","9":"entry","10":"gs-1","11":"gs-odd","12":"gs-even","13":"gs-featured-content-entry"},"jetpack_featured_media_url":"https:\/\/www.redenoticia.com.br\/noticia\/imagens\/analise-economia.jpg","jetpack_sharing_enabled":true,"jetpack_likes_enabled":true,"_links":{"self":[{"href":"https:\/\/www.redenoticia.com.br\/noticia\/wp-json\/wp\/v2\/posts\/108977","targetHints":{"allow":["GET"]}}],"collection":[{"href":"https:\/\/www.redenoticia.com.br\/noticia\/wp-json\/wp\/v2\/posts"}],"about":[{"href":"https:\/\/www.redenoticia.com.br\/noticia\/wp-json\/wp\/v2\/types\/post"}],"author":[{"embeddable":true,"href":"https:\/\/www.redenoticia.com.br\/noticia\/wp-json\/wp\/v2\/users\/2"}],"replies":[{"embeddable":true,"href":"https:\/\/www.redenoticia.com.br\/noticia\/wp-json\/wp\/v2\/comments?post=108977"}],"version-history":[{"count":0,"href":"https:\/\/www.redenoticia.com.br\/noticia\/wp-json\/wp\/v2\/posts\/108977\/revisions"}],"wp:featuredmedia":[{"embeddable":true,"href":"https:\/\/www.redenoticia.com.br\/noticia\/wp-json\/wp\/v2\/media\/57585"}],"wp:attachment":[{"href":"https:\/\/www.redenoticia.com.br\/noticia\/wp-json\/wp\/v2\/media?parent=108977"}],"wp:term":[{"taxonomy":"category","embeddable":true,"href":"https:\/\/www.redenoticia.com.br\/noticia\/wp-json\/wp\/v2\/categories?post=108977"},{"taxonomy":"post_tag","embeddable":true,"href":"https:\/\/www.redenoticia.com.br\/noticia\/wp-json\/wp\/v2\/tags?post=108977"}],"curies":[{"name":"wp","href":"https:\/\/api.w.org\/{rel}","templated":true}]}}