{"id":108967,"date":"2017-03-15T00:28:46","date_gmt":"2017-03-15T03:28:46","guid":{"rendered":"http:\/\/www.redenoticia.com.br\/noticia\/?p=108967"},"modified":"2017-03-14T15:31:55","modified_gmt":"2017-03-14T18:31:55","slug":"torre-alta-da-amazonia-coletara-dados-sobre-a-interacao-entre-floresta-e-clima","status":"publish","type":"post","link":"https:\/\/www.redenoticia.com.br\/noticia\/2017\/torre-alta-da-amazonia-coletara-dados-sobre-a-interacao-entre-floresta-e-clima\/108967","title":{"rendered":"Torre Alta da Amaz\u00f4nia coletar\u00e1 dados sobre a intera\u00e7\u00e3o entre floresta e clima"},"content":{"rendered":"<p> Ag\u00eancia FAPESP \u2013 O Observat\u00f3rio da <em><strong>Torre Alta da Amaz\u00f4nia<\/strong><\/em> (Atto, na sigla em ingl\u00eas), come\u00e7a em abril a coletar dados que v\u00e3o ajudar os cientistas a decifrar a intera\u00e7\u00e3o entre a floresta, a atmosfera e o clima, de acordo com a Assessoria de Comunica\u00e7\u00e3o do Minist\u00e9rio da Ci\u00eancia, Tecnologia, Inova\u00e7\u00f5es e Comunica\u00e7\u00f5es (MCTIC).<\/p>\n<p>Com 325 metros de altura, a torre foi erguida no meio da Floresta Amaz\u00f4nica, na Reserva de Desenvolvimento Sustent\u00e1vel do Uatum\u00e3, a 150 quil\u00f4metros de Manaus, para monitorar o clima na regi\u00e3o amaz\u00f4nica por um per\u00edodo de 20 a 30 anos.<\/p>\n<p>A Torre Atto ser\u00e1 usada como instrumento de pesquisa para medi\u00e7\u00f5es do fluxo de carbono e de aeross\u00f3is e das propriedades da vegeta\u00e7\u00e3o. &#8220;Estamos nos preparando para o uso cient\u00edfico da torre&#8221;, afirmou o gerente do Comit\u00ea Cient\u00edfico do Programa de Grande Escala Biosfera-Atmosfera na Amaz\u00f4nia (LBA) do Instituto Nacional de Pesquisas da Amaz\u00f4nia (Inpa), Paulo Artaxo.<\/p>\n<p>&#8220;A Torre Atto \u00e9 um laborat\u00f3rio nacional e deve ser aberto para v\u00e1rios pesquisadores, independentemente de suas institui\u00e7\u00f5es&#8221;, diz Artaxo que tamb\u00e9m coordena o Projeto Tem\u00e1tico da FAPESP \u201cGoAmazon: intera\u00e7\u00e3o da pluma urbana de Manaus com emiss\u00f5es biog\u00eanicas da Floresta Amaz\u00f4nica\u201d. Green Ocean Amazon (GoAmazon) \u00e9 uma campanha cient\u00edfica que re\u00fane pesquisadores de diversas universidades e institutos brasileiros e norte-americanos e conta com o financiamento do Departamento de Energia dos Estados Unidos (DoE, na sigla em ingl\u00eas), FAPESP e Funda\u00e7\u00e3o de Amparo \u00e0 Pesquisa do Estado do Amazonas (Fapeam), entre outros parceiros.<\/p>\n<p>Inaugurada em agosto de 2015, A Torre Atto foi constru\u00edda no \u00e2mbito de um cons\u00f3rcio entre os governos brasileiro e alem\u00e3o, executado pelo Inpa, unidade de Pesquisa do MCTIC, Instituto Max Planck de Qu\u00edmica e Biogeoqu\u00edmica e Universidade do Estado do Amazonas (UEA). O investimento foi de aproximadamente R$ 26 milh\u00f5es.<\/p>\n<p>A primeira torre do projeto Atto, com 85 metros \u2013 instalada ao lado da torre de 325 metros \u2013 est\u00e1 em opera\u00e7\u00e3o desde 2013.<\/p>\n<p>As dados gerados por esse equipamento j\u00e1 subsidiaram diversos estudos e papers, entre eles, o artigo , de Artaxo e outros pesquisadores, divulgado na revista Nature, que solucionou um mist\u00e9rio que intrigava os cientistas: a origem dos aeross\u00f3is atmosf\u00e9ricos que alimentam as nuvens da regi\u00e3o amaz\u00f4nica em condi\u00e7\u00f5es livres de polui\u00e7\u00e3o (Leia mais sobre a pesquisa em ).<\/p>\n<p>As medidas coletadas por meio desse equipamento tamb\u00e9m foram utilizadas, por exemplo, em projeto desenvolvido no \u00e2mbito do GoAmazon, coordenado por Jeff Chambers, do Lawrence Berkeley Laboratory, que estuda a fun\u00e7\u00f5es de compostos org\u00e2nicos vol\u00e1teis na fisiologia das plantas (Leia mais sobre o projeto em\u00a0).<\/p>\n","protected":false},"excerpt":{"rendered":"<p>Ag\u00eancia FAPESP \u2013 O Observat\u00f3rio da Torre Alta da Amaz\u00f4nia (Atto, na sigla em ingl\u00eas), come\u00e7a em abril a coletar dados que v\u00e3o ajudar os cientistas a decifrar a intera\u00e7\u00e3o entre a floresta, a atmosfera e o clima, de acordo com a Assessoria de Comunica\u00e7\u00e3o do Minist\u00e9rio da Ci\u00eancia, Tecnologia, Inova\u00e7\u00f5es e Comunica\u00e7\u00f5es (MCTIC). Com [&hellip;]<\/p>\n","protected":false},"author":2,"featured_media":34905,"comment_status":"open","ping_status":"closed","sticky":false,"template":"","format":"standard","meta":{"_genesis_hide_title":false,"_genesis_hide_breadcrumbs":false,"_genesis_hide_singular_image":false,"_genesis_hide_footer_widgets":false,"_genesis_custom_body_class":"","_genesis_custom_post_class":"","_genesis_layout":"","_jetpack_memberships_contains_paid_content":false,"footnotes":""},"categories":[22],"tags":[],"class_list":{"0":"post-108967","1":"post","2":"type-post","3":"status-publish","4":"format-standard","5":"has-post-thumbnail","7":"category-brasil","8":"entry","9":"gs-1","10":"gs-odd","11":"gs-even","12":"gs-featured-content-entry"},"jetpack_featured_media_url":"https:\/\/www.redenoticia.com.br\/noticia\/imagens\/codigo-florestal.jpg","jetpack_sharing_enabled":true,"jetpack_likes_enabled":true,"_links":{"self":[{"href":"https:\/\/www.redenoticia.com.br\/noticia\/wp-json\/wp\/v2\/posts\/108967","targetHints":{"allow":["GET"]}}],"collection":[{"href":"https:\/\/www.redenoticia.com.br\/noticia\/wp-json\/wp\/v2\/posts"}],"about":[{"href":"https:\/\/www.redenoticia.com.br\/noticia\/wp-json\/wp\/v2\/types\/post"}],"author":[{"embeddable":true,"href":"https:\/\/www.redenoticia.com.br\/noticia\/wp-json\/wp\/v2\/users\/2"}],"replies":[{"embeddable":true,"href":"https:\/\/www.redenoticia.com.br\/noticia\/wp-json\/wp\/v2\/comments?post=108967"}],"version-history":[{"count":0,"href":"https:\/\/www.redenoticia.com.br\/noticia\/wp-json\/wp\/v2\/posts\/108967\/revisions"}],"wp:featuredmedia":[{"embeddable":true,"href":"https:\/\/www.redenoticia.com.br\/noticia\/wp-json\/wp\/v2\/media\/34905"}],"wp:attachment":[{"href":"https:\/\/www.redenoticia.com.br\/noticia\/wp-json\/wp\/v2\/media?parent=108967"}],"wp:term":[{"taxonomy":"category","embeddable":true,"href":"https:\/\/www.redenoticia.com.br\/noticia\/wp-json\/wp\/v2\/categories?post=108967"},{"taxonomy":"post_tag","embeddable":true,"href":"https:\/\/www.redenoticia.com.br\/noticia\/wp-json\/wp\/v2\/tags?post=108967"}],"curies":[{"name":"wp","href":"https:\/\/api.w.org\/{rel}","templated":true}]}}