{"id":108931,"date":"2017-03-14T00:17:18","date_gmt":"2017-03-14T03:17:18","guid":{"rendered":"http:\/\/www.redenoticia.com.br\/noticia\/?p=108931"},"modified":"2017-03-13T17:44:03","modified_gmt":"2017-03-13T20:44:03","slug":"indicador-do-ipea-para-medir-investimento-no-pais-cai-3-em-janeiro","status":"publish","type":"post","link":"https:\/\/www.redenoticia.com.br\/noticia\/2017\/indicador-do-ipea-para-medir-investimento-no-pais-cai-3-em-janeiro\/108931","title":{"rendered":"Indicador do Ipea para medir investimento no pa\u00eds cai 3% em janeiro"},"content":{"rendered":"<p> Os investimentos na economia brasileira continuam abaixo do esperado pelo governo. O indicador de <strong><em>Forma\u00e7\u00e3o Bruta de Capital Fixo<\/em><\/strong> (FBCF), que mede o n\u00edvel de investimentos no pa\u00eds, caiu 3% entre dezembro de 2016 e janeiro deste ano, ap\u00f3s ajuste sazonal, segundo an\u00e1lises divulgadas pelo Instituto de Pesquisa Econ\u00f4mica Aplicada (Ipea). O \u00edndice verifica se a capacidade de produ\u00e7\u00e3o no pa\u00eds est\u00e1 crescendo e se os empres\u00e1rios est\u00e3o confiantes. Com a queda, o indicador se aproxima do mesmo patamar de maio de 2009.<\/p>\n<p>O Ipea afirma que o aumento do investimento registrado no final de 2016, entre novembro e dezembro, de 3,9%, acabou dilu\u00eddo com o resultado de janeiro deste ano, deixando um carregamento estat\u00edstico negativo, ou seja, uma necessidade de crescer pelo menos 1,9% no primeiro semestre de 2017 para compensar a queda.<\/p>\n<p> \u201cCaso a FBCF apresente crescimento nulo nos meses de fevereiro e mar\u00e7o, [o pa\u00eds] encerrar\u00e1 o primeiro trimestre do ano registrando contra\u00e7\u00e3o de 1,9% sobre o per\u00edodo anterior, tamb\u00e9m na s\u00e9rie ajustada sazonalmente\u201d, disse o Ipea, em nota. J\u00e1 na compara\u00e7\u00e3o de janeiro de 2017 com janeiro de 2016, a queda verificada pelo Ipea foi de 4,9%, resultando em uma perda acumulada de investimentos na economia brasileira de quase de 9% em um ano.<\/p>\n<p>Came cai<\/p>\n<p>A retra\u00e7\u00e3o da FBCF \u2013 que mede o quanto as empresas aumentaram seus bens de capital usados para produzir outros bens e gerar riqueza \u2013 \u00e9 resultado da queda no \u00edndice de consumo aparente de m\u00e1quinas e equipamentos (Came), um dos dois componentes do indicador de Forma\u00e7\u00e3o Bruta de Capital Fixo.<\/p>\n<p>O Came caiu 6,6%, depois de uma alta de 2,6%, na compara\u00e7\u00e3o anterior, refletindo uma queda de 6% na produ\u00e7\u00e3o dom\u00e9stica de bens em janeiro. J\u00e1 o volume de importa\u00e7\u00f5es de bens de capital, caiu 12,4%. Neste caso, o Ipea explicou que a queda se deu em fun\u00e7\u00e3o da alta de novembro e dezembro, de 10,2%. Por outro lado, o outro componente da FBCF, que mede a constru\u00e7\u00e3o civil, cresceu 0,6% entre dezembro e janeiro.<\/p>\n<p>Na semana passada, o Instituto Brasileiro de Geografia e Estat\u00edstica (IBGE) divulgou o Produto Interno Bruto (PIB) do Brasil de 2016, que caiu 3,6%. Na conta, chamou aten\u00e7\u00e3o a queda acentuada da FBCF, que recuou pelo terceiro ano seguido. Com isso, a taxa ficou abaixo da de 2015, fechando 2016 em 16,4%, o menor n\u00edvel da s\u00e9rie hist\u00f3rica do IBGE desde 1996.<\/p>\n<p>Isabela Vieira &#8211; Rep\u00f3rter da Ag\u00eancia Brasil<br \/>\nEdi\u00e7\u00e3o: Augusto Queiroz<br \/>\n14\/03\/2017<\/p>\n","protected":false},"excerpt":{"rendered":"<p>Os investimentos na economia brasileira continuam abaixo do esperado pelo governo. O indicador de Forma\u00e7\u00e3o Bruta de Capital Fixo (FBCF), que mede o n\u00edvel de investimentos no pa\u00eds, caiu 3% entre dezembro de 2016 e janeiro deste ano, ap\u00f3s ajuste sazonal, segundo an\u00e1lises divulgadas pelo Instituto de Pesquisa Econ\u00f4mica Aplicada (Ipea). O \u00edndice verifica se [&hellip;]<\/p>\n","protected":false},"author":2,"featured_media":57583,"comment_status":"open","ping_status":"closed","sticky":false,"template":"","format":"standard","meta":{"_genesis_hide_title":false,"_genesis_hide_breadcrumbs":false,"_genesis_hide_singular_image":false,"_genesis_hide_footer_widgets":false,"_genesis_custom_body_class":"","_genesis_custom_post_class":"","_genesis_layout":"","_jetpack_memberships_contains_paid_content":false,"footnotes":""},"categories":[22,7],"tags":[],"class_list":{"0":"post-108931","1":"post","2":"type-post","3":"status-publish","4":"format-standard","5":"has-post-thumbnail","7":"category-brasil","8":"category-economia","9":"entry","10":"gs-1","11":"gs-odd","12":"gs-even","13":"gs-featured-content-entry"},"jetpack_featured_media_url":"https:\/\/www.redenoticia.com.br\/noticia\/imagens\/economia-grafico.jpg","jetpack_sharing_enabled":true,"jetpack_likes_enabled":true,"_links":{"self":[{"href":"https:\/\/www.redenoticia.com.br\/noticia\/wp-json\/wp\/v2\/posts\/108931","targetHints":{"allow":["GET"]}}],"collection":[{"href":"https:\/\/www.redenoticia.com.br\/noticia\/wp-json\/wp\/v2\/posts"}],"about":[{"href":"https:\/\/www.redenoticia.com.br\/noticia\/wp-json\/wp\/v2\/types\/post"}],"author":[{"embeddable":true,"href":"https:\/\/www.redenoticia.com.br\/noticia\/wp-json\/wp\/v2\/users\/2"}],"replies":[{"embeddable":true,"href":"https:\/\/www.redenoticia.com.br\/noticia\/wp-json\/wp\/v2\/comments?post=108931"}],"version-history":[{"count":0,"href":"https:\/\/www.redenoticia.com.br\/noticia\/wp-json\/wp\/v2\/posts\/108931\/revisions"}],"wp:featuredmedia":[{"embeddable":true,"href":"https:\/\/www.redenoticia.com.br\/noticia\/wp-json\/wp\/v2\/media\/57583"}],"wp:attachment":[{"href":"https:\/\/www.redenoticia.com.br\/noticia\/wp-json\/wp\/v2\/media?parent=108931"}],"wp:term":[{"taxonomy":"category","embeddable":true,"href":"https:\/\/www.redenoticia.com.br\/noticia\/wp-json\/wp\/v2\/categories?post=108931"},{"taxonomy":"post_tag","embeddable":true,"href":"https:\/\/www.redenoticia.com.br\/noticia\/wp-json\/wp\/v2\/tags?post=108931"}],"curies":[{"name":"wp","href":"https:\/\/api.w.org\/{rel}","templated":true}]}}