{"id":108921,"date":"2017-03-14T00:12:41","date_gmt":"2017-03-14T03:12:41","guid":{"rendered":"http:\/\/www.redenoticia.com.br\/noticia\/?p=108921"},"modified":"2017-03-13T17:34:59","modified_gmt":"2017-03-13T20:34:59","slug":"rede-paulista-de-astronomia-sera-lancada-durante-workshop-na-fapesp","status":"publish","type":"post","link":"https:\/\/www.redenoticia.com.br\/noticia\/2017\/rede-paulista-de-astronomia-sera-lancada-durante-workshop-na-fapesp\/108921","title":{"rendered":"Rede Paulista de Astronomia ser\u00e1 lan\u00e7ada durante workshop na FAPESP"},"content":{"rendered":"<p> Samuel Antenor | Ag\u00eancia FAPESP \u2013 Astr\u00f4nomos de diferentes institui\u00e7\u00f5es de ensino e pesquisa de S\u00e3o Paulo estar\u00e3o reunidos dia 16 de mar\u00e7o, na sede da FAPESP, para o lan\u00e7amento da S\u00e3o Paulo Astronomy Network (SPAnet) \u2013 Rede Paulista de <strong><em>Astronomia<\/em><\/strong> \u2013, voltada a promover o interc\u00e2mbio de informa\u00e7\u00f5es entre diferentes pesquisadores, institui\u00e7\u00f5es e projetos de pesquisa.<\/p>\n<p>Primeira do g\u00eanero no Brasil, a SPAnet ser\u00e1 apresentada \u00e0 comunidade cient\u00edfica que debater\u00e1 a cria\u00e7\u00e3o de uma estrutura de gest\u00e3o para a rede que possibilite a integra\u00e7\u00e3o da pesquisa e da infraestrutura existentes, visando o fortalecimento da astronomia feita no Estado de S\u00e3o Paulo.<\/p>\n<p>O workshop tamb\u00e9m servir\u00e1 para identificar a\u00e7\u00f5es imediatas que contribuam para aumentar a visibilidade nacional e internacional da pesquisa paulista em astronomia, al\u00e9m de discutir maneiras de promover a educa\u00e7\u00e3o cient\u00edfica na \u00e1rea e trazer contribui\u00e7\u00f5es cient\u00edfico-tecnol\u00f3gicas e econ\u00f4micas para a sociedade.<\/p>\n<p>Na abertura do evento, Laerte Sodr\u00e9, professor do Instituto de Astronomia, Geof\u00edsica e Ci\u00eancias Atmosf\u00e9ricas da Universidade de S\u00e3o Paulo (IAG\/USP), far\u00e1 um balan\u00e7o da pesquisa astron\u00f4mica paulista e apresentar\u00e1 os objetivos da SPAnet.<\/p>\n<p>De acordo com ele, a rede ter\u00e1 como diferencial o acesso a uma infraestrutura em astronomia que poucos pa\u00edses t\u00eam. \u201cA ideia de criar uma rede de astronomia surgiu da necessidade de organizar esfor\u00e7os isolados para a constru\u00e7\u00e3o de uma infraestrutura para pesquisas na \u00e1rea. Em S\u00e3o Paulo, somos parceiros de telesc\u00f3pios de grande porte no Chile e Hava\u00ed, com participa\u00e7\u00e3o de pesquisadores no Giant Magellan Telescope (GMT), no projeto de radioastronomia Large Latin-America Millimeter Array (LLAMA), em colabora\u00e7\u00e3o com a Argentina, e no projeto de altas energias ASTRI Mini-Array\u201d, exemplifica.<\/p>\n<p>Sodr\u00e9 tamb\u00e9m ressalta as colabora\u00e7\u00f5es internacionais nesses projetos que envolvem temas na fronteira da ci\u00eancia contempor\u00e2nea. Segundo ele, dada a complexidade dos projetos, nenhuma iniciativa isolada teria mais sucesso do que a soma de expertises de diferentes institui\u00e7\u00f5es. \u201cDe fato, se aproveitarmos as oportunidades em projetos de ponta, teremos chance de fazer uma verdadeira revolu\u00e7\u00e3o na nossa astronomia\u201d, afirma.<\/p>\n<p>Ele explica que a maximiza\u00e7\u00e3o do uso de recursos ajudar\u00e1 a conseguir resultados de impacto, de alta visibilidade nacional e internacional. \u201cUma parte importante desses projetos \u00e9 o desenvolvimento de instrumenta\u00e7\u00e3o cient\u00edfica. Assim, vamos procurar promover atividades que impulsionem tamb\u00e9m a instrumenta\u00e7\u00e3o astron\u00f4mica\u201d, comenta, refor\u00e7ando que, para a forma\u00e7\u00e3o da SPAnet, foram contatadas cerca de 10 institui\u00e7\u00f5es, com mais de 130 pessoas.<\/p>\n<p>Rede em discuss\u00e3o<\/p>\n<p>Durante o workshop, quatro mesas-redondas v\u00e3o promover a discuss\u00e3o sobre diferentes aspectos da pesquisa astron\u00f4mica em S\u00e3o Paulo, duas na parte da manh\u00e3 e outras duas \u00e0 tarde.<\/p>\n<p>Na primeira delas ser\u00e3o debatidas estrat\u00e9gias para aumentar a visibilidade da ci\u00eancia, com Lucimara Pires Martins, do Centro de Ci\u00eancias Exatas e Tecnol\u00f3gicas da Universidade Cruzeiro do Sul (Unicsul), Oli Dors Jr., do Instituto de Pesquisa e Desenvolvimento da Universidade do Vale do Para\u00edba (Univap), Odylio Aguiar, do Instituto Nacional de Pesquisas Espaciais (Inpe), Jo\u00e3o Steiner e Beatriz Barbuy, ambos do IAG\/USP.<\/p>\n<p>Na segunda, voltada \u00e0 promo\u00e7\u00e3o da instrumenta\u00e7\u00e3o e da participa\u00e7\u00e3o industrial, o grupo ser\u00e1 composto por Luiz Vitor de Souza, do Instituto de F\u00edsica de S\u00e3o Carlos (IFSC\/USP), Bruno Castilho, do Laborat\u00f3rio Nacional de Astrof\u00edsica (LNA), Claudia Vilega Rodrigues, do Inpe, Danilo Zanella e Elisabete Dal Pino, ambos do IAG\/USP, e Jos\u00e9 Oct\u00e1vio Armani Paschoal, do GMT Brazil.<\/p>\n<p>Na parte da tarde, ser\u00e3o debatidas a\u00e7\u00f5es para melhorar a educa\u00e7\u00e3o e a difus\u00e3o cient\u00edfica, em mesa composta por Augusto Damineli, do IAG\/USP, Andr\u00e9 Milone, do Inpe, Rodolfo Langhi, da Faculdade de Ci\u00eancias da Universidade Estadual Paulista (Unesp\/Bauru), e Gustavo Rojas, do N\u00facleo de Forma\u00e7\u00e3o de Professores da Universidade Federal de S\u00e3o Carlos (UFSCar).<\/p>\n<p>Na \u00faltima mesa-redonda, Othon Winter, da Unesp de Guaratinguet\u00e1, Jo\u00e3o Braga, do Inpe, Gustavo Lanfranchi, do N\u00facleo de Astrof\u00edsica Te\u00f3rica da Universidade Cruzeiro do Sul (Unicsul), Roberto Costa, do IAG\/USP, e Adriana Valio, do Centro de R\u00e1dio Astronomia e Astrof\u00edsica da Universidade Presbiteriana Mackenzie, v\u00e3o discutir as formas de gest\u00e3o propostas para a SPAnet.<\/p>\n<p>No encerramento do workshop, Sodr\u00e9 vai apresentar a estrutura de um documento e coordenar a escolha dos relatores para a elabora\u00e7\u00e3o do Plano para a Astronomia de S\u00e3o Paulo, com discuss\u00f5es sobre estrat\u00e9gias e a\u00e7\u00f5es que ajudem a ampliar e dar sustenta\u00e7\u00e3o \u00e0 SPAnet.<\/p>\n<p>A Rede Paulista de Astronomia foi inspirada em iniciativas similares bem-sucedidas, como o South American Institute for Fundamental Research (SAIFR), sediado no Instituto de F\u00edsica Te\u00f3rica (IFT) da Unesp, e na Netherlands Research School for Astronomy (NOVA), que congrega as principais institui\u00e7\u00f5es de pesquisa em astronomia da Holanda, considerada uma das mais sofisticadas do mundo.<\/p>\n<p>Para Sodr\u00e9, trata-se de uma oportunidade estrat\u00e9gica para o desenvolvimento da astronomia em S\u00e3o Paulo em termos cient\u00edficos, tecnol\u00f3gicos e educacionais. \u201cQueremos aumentar a conex\u00e3o entre os pesquisadores do estado para criar as condi\u00e7\u00f5es que permitam ampliar o impacto e a visibilidade da astronomia paulista. Vamos criar as condi\u00e7\u00f5es para as coisas acontecerem\u201d, diz.<\/p>\n<p>A programa\u00e7\u00e3o completa do evento est\u00e1 dispon\u00edvel em .<\/p>\n<p>Para inscrever-se gratuitamente acesse o endere\u00e7o .<\/p>\n","protected":false},"excerpt":{"rendered":"<p>Samuel Antenor | Ag\u00eancia FAPESP \u2013 Astr\u00f4nomos de diferentes institui\u00e7\u00f5es de ensino e pesquisa de S\u00e3o Paulo estar\u00e3o reunidos dia 16 de mar\u00e7o, na sede da FAPESP, para o lan\u00e7amento da S\u00e3o Paulo Astronomy Network (SPAnet) \u2013 Rede Paulista de Astronomia \u2013, voltada a promover o interc\u00e2mbio de informa\u00e7\u00f5es entre diferentes pesquisadores, institui\u00e7\u00f5es e projetos [&hellip;]<\/p>\n","protected":false},"author":2,"featured_media":57576,"comment_status":"open","ping_status":"closed","sticky":false,"template":"","format":"standard","meta":{"_genesis_hide_title":false,"_genesis_hide_breadcrumbs":false,"_genesis_hide_singular_image":false,"_genesis_hide_footer_widgets":false,"_genesis_custom_body_class":"","_genesis_custom_post_class":"","_genesis_layout":"","_jetpack_memberships_contains_paid_content":false,"footnotes":""},"categories":[22],"tags":[],"class_list":{"0":"post-108921","1":"post","2":"type-post","3":"status-publish","4":"format-standard","5":"has-post-thumbnail","7":"category-brasil","8":"entry","9":"gs-1","10":"gs-odd","11":"gs-even","12":"gs-featured-content-entry"},"jetpack_featured_media_url":"https:\/\/www.redenoticia.com.br\/noticia\/imagens\/tecnologia1.jpg","jetpack_sharing_enabled":true,"jetpack_likes_enabled":true,"_links":{"self":[{"href":"https:\/\/www.redenoticia.com.br\/noticia\/wp-json\/wp\/v2\/posts\/108921","targetHints":{"allow":["GET"]}}],"collection":[{"href":"https:\/\/www.redenoticia.com.br\/noticia\/wp-json\/wp\/v2\/posts"}],"about":[{"href":"https:\/\/www.redenoticia.com.br\/noticia\/wp-json\/wp\/v2\/types\/post"}],"author":[{"embeddable":true,"href":"https:\/\/www.redenoticia.com.br\/noticia\/wp-json\/wp\/v2\/users\/2"}],"replies":[{"embeddable":true,"href":"https:\/\/www.redenoticia.com.br\/noticia\/wp-json\/wp\/v2\/comments?post=108921"}],"version-history":[{"count":0,"href":"https:\/\/www.redenoticia.com.br\/noticia\/wp-json\/wp\/v2\/posts\/108921\/revisions"}],"wp:featuredmedia":[{"embeddable":true,"href":"https:\/\/www.redenoticia.com.br\/noticia\/wp-json\/wp\/v2\/media\/57576"}],"wp:attachment":[{"href":"https:\/\/www.redenoticia.com.br\/noticia\/wp-json\/wp\/v2\/media?parent=108921"}],"wp:term":[{"taxonomy":"category","embeddable":true,"href":"https:\/\/www.redenoticia.com.br\/noticia\/wp-json\/wp\/v2\/categories?post=108921"},{"taxonomy":"post_tag","embeddable":true,"href":"https:\/\/www.redenoticia.com.br\/noticia\/wp-json\/wp\/v2\/tags?post=108921"}],"curies":[{"name":"wp","href":"https:\/\/api.w.org\/{rel}","templated":true}]}}