{"id":108848,"date":"2017-03-13T00:19:34","date_gmt":"2017-03-13T03:19:34","guid":{"rendered":"http:\/\/www.redenoticia.com.br\/noticia\/?p=108848"},"modified":"2017-03-12T17:06:26","modified_gmt":"2017-03-12T20:06:26","slug":"inadimplencia-do-consumidor-cai-8-revela-pesquisa","status":"publish","type":"post","link":"https:\/\/www.redenoticia.com.br\/noticia\/2017\/inadimplencia-do-consumidor-cai-8-revela-pesquisa\/108848","title":{"rendered":"Inadimpl\u00eancia do consumidor cai 8%, revela pesquisa"},"content":{"rendered":"<p> Em todo o pa\u00eds, a <strong><em>inadimpl\u00eancia do consumidor<\/em><\/strong> caiu 8% em fevereiro, j\u00e1 exclu\u00eddas as sazonalidades, de acordo com dados divulgados hoje, em S\u00e3o Paulo, pela empresa Boa Vista Servi\u00e7o Central de Prote\u00e7\u00e3o ao Cr\u00e9dito. No acumulado dos \u00faltimos 12 meses, houve retra\u00e7\u00e3o de 3,5% na compara\u00e7\u00e3o com os 12 meses anteriores. Na compara\u00e7\u00e3o com fevereiro de 2016, a queda foi de 8,3%.<\/p>\n<p>Quando avaliadas as regi\u00f5es do pa\u00eds, nos \u00faltimos 12 meses, a \u00fanica que teve aumento da inadimpl\u00eancia foi a Norte (1,4%). No Centro Oeste, a queda foi de -0,3%, no Nordeste, de -0,1%, no Sul, de -5,3% e no Sudeste, de -5,1%.<\/p>\n<p>Segundo economistas da empresa, as adversidades ocorridas na economia ao longo dos \u00faltimos dois anos geraram grande cautela nas fam\u00edlias, inibindo o consumo e contribuindo para a diminui\u00e7\u00e3o do fluxo de inadimpl\u00eancia.<\/p>\n<p>\u201cMantendo a perspectiva de pequeno crescimento da economia e renda, juros menores e infla\u00e7\u00e3o controlada, espera-se uma retomada sustent\u00e1vel da demanda de cr\u00e9dito, expandindo a renda dispon\u00edvel das fam\u00edlias, fatores que colaboram para manter o atual ritmo de queda da inadimpl\u00eancia\u201d, finaliza a empresa.<\/p>\n<p>Fl\u00e1via Albuquerque &#8211; Rep\u00f3rter da Ag\u00eancia Brasil<br \/>\nEdi\u00e7\u00e3o: Kleber Sampaio<br \/>\n13\/03\/2017<\/p>\n","protected":false},"excerpt":{"rendered":"<p>Em todo o pa\u00eds, a inadimpl\u00eancia do consumidor caiu 8% em fevereiro, j\u00e1 exclu\u00eddas as sazonalidades, de acordo com dados divulgados hoje, em S\u00e3o Paulo, pela empresa Boa Vista Servi\u00e7o Central de Prote\u00e7\u00e3o ao Cr\u00e9dito. No acumulado dos \u00faltimos 12 meses, houve retra\u00e7\u00e3o de 3,5% na compara\u00e7\u00e3o com os 12 meses anteriores. Na compara\u00e7\u00e3o com [&hellip;]<\/p>\n","protected":false},"author":2,"featured_media":57585,"comment_status":"open","ping_status":"closed","sticky":false,"template":"","format":"standard","meta":{"_genesis_hide_title":false,"_genesis_hide_breadcrumbs":false,"_genesis_hide_singular_image":false,"_genesis_hide_footer_widgets":false,"_genesis_custom_body_class":"","_genesis_custom_post_class":"","_genesis_layout":"","_jetpack_memberships_contains_paid_content":false,"footnotes":""},"categories":[22,7],"tags":[],"class_list":{"0":"post-108848","1":"post","2":"type-post","3":"status-publish","4":"format-standard","5":"has-post-thumbnail","7":"category-brasil","8":"category-economia","9":"entry","10":"gs-1","11":"gs-odd","12":"gs-even","13":"gs-featured-content-entry"},"jetpack_featured_media_url":"https:\/\/www.redenoticia.com.br\/noticia\/imagens\/analise-economia.jpg","jetpack_sharing_enabled":true,"jetpack_likes_enabled":true,"_links":{"self":[{"href":"https:\/\/www.redenoticia.com.br\/noticia\/wp-json\/wp\/v2\/posts\/108848","targetHints":{"allow":["GET"]}}],"collection":[{"href":"https:\/\/www.redenoticia.com.br\/noticia\/wp-json\/wp\/v2\/posts"}],"about":[{"href":"https:\/\/www.redenoticia.com.br\/noticia\/wp-json\/wp\/v2\/types\/post"}],"author":[{"embeddable":true,"href":"https:\/\/www.redenoticia.com.br\/noticia\/wp-json\/wp\/v2\/users\/2"}],"replies":[{"embeddable":true,"href":"https:\/\/www.redenoticia.com.br\/noticia\/wp-json\/wp\/v2\/comments?post=108848"}],"version-history":[{"count":0,"href":"https:\/\/www.redenoticia.com.br\/noticia\/wp-json\/wp\/v2\/posts\/108848\/revisions"}],"wp:featuredmedia":[{"embeddable":true,"href":"https:\/\/www.redenoticia.com.br\/noticia\/wp-json\/wp\/v2\/media\/57585"}],"wp:attachment":[{"href":"https:\/\/www.redenoticia.com.br\/noticia\/wp-json\/wp\/v2\/media?parent=108848"}],"wp:term":[{"taxonomy":"category","embeddable":true,"href":"https:\/\/www.redenoticia.com.br\/noticia\/wp-json\/wp\/v2\/categories?post=108848"},{"taxonomy":"post_tag","embeddable":true,"href":"https:\/\/www.redenoticia.com.br\/noticia\/wp-json\/wp\/v2\/tags?post=108848"}],"curies":[{"name":"wp","href":"https:\/\/api.w.org\/{rel}","templated":true}]}}