{"id":108846,"date":"2017-03-13T00:18:29","date_gmt":"2017-03-13T03:18:29","guid":{"rendered":"http:\/\/www.redenoticia.com.br\/noticia\/?p=108846"},"modified":"2017-03-12T17:05:29","modified_gmt":"2017-03-12T20:05:29","slug":"empresas-deixaram-de-pagar-mais-da-metade-do-valor-total-do-fgts-que-sera-sacado","status":"publish","type":"post","link":"https:\/\/www.redenoticia.com.br\/noticia\/2017\/empresas-deixaram-de-pagar-mais-da-metade-do-valor-total-do-fgts-que-sera-sacado\/108846","title":{"rendered":"Empresas deixaram de pagar mais da metade do valor total do FGTS que ser\u00e1 sacado"},"content":{"rendered":"<p> A Procuradoria-Geral da Fazenda Nacional (PGFN) informou que mais de 7 milh\u00f5es de trabalhadores n\u00e3o receberam corretamente os dep\u00f3sitos a que teriam direito em contas do Fundo de Garantia do Tempo de Servi\u00e7o (<strong><em>FGTS<\/em><\/strong>), ativas ou inativas. O valor total devido pelas empresas chega a mais de R$ 24,5 bilh\u00f5es. Isso representa mais da metade do que ser\u00e1 sacado pelos trabalhadores com a nova medida &#8211; R$ 43,6 bilh\u00f5es.<\/p>\n<p>Para evitar a surpresa de descobrir que o empregador n\u00e3o depositou o dinheiro do FGTS, o Minist\u00e9rio do Trabalho recomenda que o empregado acompanhe o dep\u00f3sito todo m\u00eas, pelo extrato da conta dispon\u00edvel na Caixa Econ\u00f4mica Federal, inclusive por meio do aplicativo FGTS, para celulares e tablets.<\/p>\n<p> O chefe de Fiscaliza\u00e7\u00e3o do FGTS do Minist\u00e9rio do Trabalho, Joel Darcie, diz que \u00e9 alto o n\u00famero de den\u00fancias de recursos n\u00e3o depositados. \u201cA gente recebe bastante den\u00fancia de trabalhador. \u00c0s vezes, \u00e9 den\u00fancia de um sindicato, consta para n\u00f3s como uma den\u00fancia, mas refere-se a uma empresa enorme. que tem mil ou 2 mil funcion\u00e1rios e consta aqui como uma den\u00fancia simplesmente\u201d, relata.<\/p>\n<p>O fiscal do trabalho informou que somente este ano j\u00e1 foram registradas 3.081 den\u00fancias no minist\u00e9rio. Em 2016, foram 68.289 den\u00fancias e, em 2015, o n\u00famero chegou a 86.541.<\/p>\n<p>A recomenda\u00e7\u00e3o do Minist\u00e9rio do Trabalho \u00e9 que o empregado, ao perceber que o recurso n\u00e3o est\u00e1 sendo depositado, denuncie ao sindicato, em uma das superintend\u00eancias regionais do Minist\u00e9rio do Trabalho ou na Justi\u00e7a do trabalho. \u00c9 preciso apresentar um comprovante de v\u00ednculo empregat\u00edcio, como Carteira de Trabalho ou contrato, e o extrato da conta do FGTS.<\/p>\n<p>A Procuradoria-Geral da Fazenda Nacional diz que os 24,5 bilh\u00f5es inscritos em d\u00edvida ativa referem-se a cr\u00e9ditos dos trabalhadores e do fundo que foram objeto de fiscaliza\u00e7\u00e3o, apura\u00e7\u00e3o e constitui\u00e7\u00e3o por parte dos auditores fiscais do minist\u00e9rio.<\/p>\n<p>Ap\u00f3s a notifica\u00e7\u00e3o fiscal e a abertura de processo administrativo, com direito do empregador a defesa e recurso, e persistindo o d\u00e9bito, os cr\u00e9ditos s\u00e3o encaminhados pelo Minist\u00e9rio do Trabalho \u00e0 PGFN para controle de legalidade, inscri\u00e7\u00e3o em d\u00edvida ativa e cobran\u00e7a administrativa e\/ou judicial.<\/p>\n<p>Lucas Pordeus Le\u00f3n &#8211; Rep\u00f3rter do Radiojornalismo<br \/>\nEdi\u00e7\u00e3o: Gra\u00e7a Adjuto<br \/>\n13\/03\/2017<\/p>\n","protected":false},"excerpt":{"rendered":"<p>A Procuradoria-Geral da Fazenda Nacional (PGFN) informou que mais de 7 milh\u00f5es de trabalhadores n\u00e3o receberam corretamente os dep\u00f3sitos a que teriam direito em contas do Fundo de Garantia do Tempo de Servi\u00e7o (FGTS), ativas ou inativas. O valor total devido pelas empresas chega a mais de R$ 24,5 bilh\u00f5es. Isso representa mais da metade [&hellip;]<\/p>\n","protected":false},"author":2,"featured_media":38938,"comment_status":"open","ping_status":"closed","sticky":false,"template":"","format":"standard","meta":{"_genesis_hide_title":false,"_genesis_hide_breadcrumbs":false,"_genesis_hide_singular_image":false,"_genesis_hide_footer_widgets":false,"_genesis_custom_body_class":"","_genesis_custom_post_class":"","_genesis_layout":"","_jetpack_memberships_contains_paid_content":false,"footnotes":""},"categories":[22,7],"tags":[],"class_list":{"0":"post-108846","1":"post","2":"type-post","3":"status-publish","4":"format-standard","5":"has-post-thumbnail","7":"category-brasil","8":"category-economia","9":"entry","10":"gs-1","11":"gs-odd","12":"gs-even","13":"gs-featured-content-entry"},"jetpack_featured_media_url":"https:\/\/www.redenoticia.com.br\/noticia\/imagens\/economia1.jpg","jetpack_sharing_enabled":true,"jetpack_likes_enabled":true,"_links":{"self":[{"href":"https:\/\/www.redenoticia.com.br\/noticia\/wp-json\/wp\/v2\/posts\/108846","targetHints":{"allow":["GET"]}}],"collection":[{"href":"https:\/\/www.redenoticia.com.br\/noticia\/wp-json\/wp\/v2\/posts"}],"about":[{"href":"https:\/\/www.redenoticia.com.br\/noticia\/wp-json\/wp\/v2\/types\/post"}],"author":[{"embeddable":true,"href":"https:\/\/www.redenoticia.com.br\/noticia\/wp-json\/wp\/v2\/users\/2"}],"replies":[{"embeddable":true,"href":"https:\/\/www.redenoticia.com.br\/noticia\/wp-json\/wp\/v2\/comments?post=108846"}],"version-history":[{"count":0,"href":"https:\/\/www.redenoticia.com.br\/noticia\/wp-json\/wp\/v2\/posts\/108846\/revisions"}],"wp:featuredmedia":[{"embeddable":true,"href":"https:\/\/www.redenoticia.com.br\/noticia\/wp-json\/wp\/v2\/media\/38938"}],"wp:attachment":[{"href":"https:\/\/www.redenoticia.com.br\/noticia\/wp-json\/wp\/v2\/media?parent=108846"}],"wp:term":[{"taxonomy":"category","embeddable":true,"href":"https:\/\/www.redenoticia.com.br\/noticia\/wp-json\/wp\/v2\/categories?post=108846"},{"taxonomy":"post_tag","embeddable":true,"href":"https:\/\/www.redenoticia.com.br\/noticia\/wp-json\/wp\/v2\/tags?post=108846"}],"curies":[{"name":"wp","href":"https:\/\/api.w.org\/{rel}","templated":true}]}}