{"id":108844,"date":"2017-03-13T00:17:29","date_gmt":"2017-03-13T03:17:29","guid":{"rendered":"http:\/\/www.redenoticia.com.br\/noticia\/?p=108844"},"modified":"2017-03-12T17:04:24","modified_gmt":"2017-03-12T20:04:24","slug":"prazo-para-abrir-empresa-pode-cair-de-100-para-7-dias-em-sp","status":"publish","type":"post","link":"https:\/\/www.redenoticia.com.br\/noticia\/2017\/prazo-para-abrir-empresa-pode-cair-de-100-para-7-dias-em-sp\/108844","title":{"rendered":"Prazo para abrir empresa pode cair de 100 para 7 dias em SP"},"content":{"rendered":"<p> O <em><strong>prazo para abertura e licenciamento de empresa<\/strong><\/em>\u00a0pode ser reduzido de\u00a0mais de 100 dias para sete dias na cidade de S\u00e3o Paulo. Esse \u00e9 o objetivo do Programa Empreenda F\u00e1cil que ser\u00e1 implementado a partir de abril na capital, resultado de uma parceria entre o Governo do Estado, governo federal e Prefeitura Municipal de S\u00e3o Paulo.<\/p>\n<p>O processo ser\u00e1 feito pela Internet, sem a necessidade de o empres\u00e1rio peregrinar por v\u00e1rios \u00f3rg\u00e3os para abrir a empresa. No primeiro momento, a prioridade ser\u00e3o os\u00a0empreendimentos considerados de baixo risco, que n\u00e3o necessitam de licen\u00e7as espec\u00edficas, como a ambiental, para funcionar. Esse tipo de neg\u00f3cio representa 80% das atividades econ\u00f4micas da cidade. Na fase seguinte, ser\u00e3o atendidas as empresas de alto risco e de maior complexidade.<\/p>\n<p>O processo vai funcionar nos mesmos moldes do Programa Via R\u00e1pida Empresas, da Secretaria de Desenvolvimento Econ\u00f4mico, Ci\u00eancia, Tecnologia e Inova\u00e7\u00e3o (Sdecti), que utiliza o Modelo Estadual de Licenciamento Integrado, uma ferramenta on-line que facilita a abertura de empresas de baixo risco.<\/p>\n<p>O Modelo Estadual de Licenciamento da Sdecti est\u00e1 dispon\u00edvel no site da Junta Comercial do Estado de S\u00e3o Paulo . At\u00e9 o momento, 130 cidades j\u00e1 est\u00e3o integradas ao sistema, que possibilita a abertura e licenciamento de empresas no prazo de dois dias.<\/p>\n<p>Os governos parceiros da iniciativa querem fazer do programa Empreenda F\u00e1cil, que ser\u00e1 adotado em S\u00e3o Paulo, um modelo para as outras capitais do pa\u00eds.<\/p>\n<p>Do Portal do Governo SP<\/p>\n","protected":false},"excerpt":{"rendered":"<p>O prazo para abertura e licenciamento de empresa\u00a0pode ser reduzido de\u00a0mais de 100 dias para sete dias na cidade de S\u00e3o Paulo. Esse \u00e9 o objetivo do Programa Empreenda F\u00e1cil que ser\u00e1 implementado a partir de abril na capital, resultado de uma parceria entre o Governo do Estado, governo federal e Prefeitura Municipal de S\u00e3o [&hellip;]<\/p>\n","protected":false},"author":2,"featured_media":37419,"comment_status":"open","ping_status":"closed","sticky":false,"template":"","format":"standard","meta":{"_genesis_hide_title":false,"_genesis_hide_breadcrumbs":false,"_genesis_hide_singular_image":false,"_genesis_hide_footer_widgets":false,"_genesis_custom_body_class":"","_genesis_custom_post_class":"","_genesis_layout":"","_jetpack_memberships_contains_paid_content":false,"footnotes":""},"categories":[22,7],"tags":[],"class_list":{"0":"post-108844","1":"post","2":"type-post","3":"status-publish","4":"format-standard","5":"has-post-thumbnail","7":"category-brasil","8":"category-economia","9":"entry","10":"gs-1","11":"gs-odd","12":"gs-even","13":"gs-featured-content-entry"},"jetpack_featured_media_url":"https:\/\/www.redenoticia.com.br\/noticia\/imagens\/computador-tecnologia.jpg","jetpack_sharing_enabled":true,"jetpack_likes_enabled":true,"_links":{"self":[{"href":"https:\/\/www.redenoticia.com.br\/noticia\/wp-json\/wp\/v2\/posts\/108844","targetHints":{"allow":["GET"]}}],"collection":[{"href":"https:\/\/www.redenoticia.com.br\/noticia\/wp-json\/wp\/v2\/posts"}],"about":[{"href":"https:\/\/www.redenoticia.com.br\/noticia\/wp-json\/wp\/v2\/types\/post"}],"author":[{"embeddable":true,"href":"https:\/\/www.redenoticia.com.br\/noticia\/wp-json\/wp\/v2\/users\/2"}],"replies":[{"embeddable":true,"href":"https:\/\/www.redenoticia.com.br\/noticia\/wp-json\/wp\/v2\/comments?post=108844"}],"version-history":[{"count":0,"href":"https:\/\/www.redenoticia.com.br\/noticia\/wp-json\/wp\/v2\/posts\/108844\/revisions"}],"wp:featuredmedia":[{"embeddable":true,"href":"https:\/\/www.redenoticia.com.br\/noticia\/wp-json\/wp\/v2\/media\/37419"}],"wp:attachment":[{"href":"https:\/\/www.redenoticia.com.br\/noticia\/wp-json\/wp\/v2\/media?parent=108844"}],"wp:term":[{"taxonomy":"category","embeddable":true,"href":"https:\/\/www.redenoticia.com.br\/noticia\/wp-json\/wp\/v2\/categories?post=108844"},{"taxonomy":"post_tag","embeddable":true,"href":"https:\/\/www.redenoticia.com.br\/noticia\/wp-json\/wp\/v2\/tags?post=108844"}],"curies":[{"name":"wp","href":"https:\/\/api.w.org\/{rel}","templated":true}]}}