{"id":108629,"date":"2017-03-10T00:31:50","date_gmt":"2017-03-10T03:31:50","guid":{"rendered":"http:\/\/www.redenoticia.com.br\/noticia\/?p=108629"},"modified":"2017-03-09T15:33:05","modified_gmt":"2017-03-09T18:33:05","slug":"pesquisa-aponta-jovens-brasileiras-como-as-que-mais-querem-empreender","status":"publish","type":"post","link":"https:\/\/www.redenoticia.com.br\/noticia\/2017\/pesquisa-aponta-jovens-brasileiras-como-as-que-mais-querem-empreender\/108629","title":{"rendered":"Pesquisa aponta jovens brasileiras como as que mais querem empreender"},"content":{"rendered":"<p> Pesquisa divulgada pela Federa\u00e7\u00e3o das Ind\u00fastrias do Estado do Rio de Janeiro (Firjan) revela que as jovens brasileiras na faixa et\u00e1ria de 25 a 35 anos, moradoras no Rio de Janeiro e em S\u00e3o Paulo, s\u00e3o as que mais querem <strong><em>empreender<\/em><\/strong>, comparativamente a capitais de quatro pa\u00edses (Madri, Londres, Berlim e Moscou) e tr\u00eas grandes cidades (Nova York, nos Estados Unidos, Xangai, na China, e Bombaim, na \u00cdndia).<\/p>\n<p>A sondagem mostra que 62,6% das jovens brasileiras querem abrir o pr\u00f3prio neg\u00f3cio nos pr\u00f3ximos anos, seguida das russas, com 60,9%, e das indianas, com 58,4%, superando a m\u00e9dia mundial de 43,5%. As cidades que registram os menores percentuais s\u00e3o Madri (24,2%), Berlim (31,5%) e Nova York (33,8%).<\/p>\n<p>\u201cO Brasil tem um potencial empreendedor muito grande e, entre as mulheres, esse potencial empreendedor tamb\u00e9m se destaca\u201d, disse \u00e0 Ag\u00eancia Brasil a especialista em pesquisa e estat\u00edstica da Firjan Joana Siqueira.<\/p>\n<p>Pesquisa sobre empreendedorismo <\/p>\n<p>Al\u00e9m da realiza\u00e7\u00e3o de um sonho, a abertura do pr\u00f3prio neg\u00f3cio pelas brasileiras traduz uma busca por maior qualidade de vida. \u201cE tem um fator que \u00e9 muito importante para elas, que \u00e9 a flexibiliza\u00e7\u00e3o do hor\u00e1rio\u201d, destacou Joana. Segundo a sondagem, 66,2% das mulheres apontaram a liberdade de hor\u00e1rio como uma das principais raz\u00f5es para abrir o pr\u00f3prio neg\u00f3cio. Entre os homens, o percentual foi 54,7%.<\/p>\n<p>A sondagem mostra que a maioria das jovens empreendedoras prefere ser a \u00fanica dona do empreendimento (55,2%). Diferentemente dos homens, cuja maior parcela busca sempre abrir um neg\u00f3cio em sociedade \u2013 55,7% dos jovens empreendedores do sexo masculino t\u00eam parceiros no neg\u00f3cio. Joana Siqueira destacou que, pelo fato de as jovens quererem ter mais liberdade e controlar melhor o seu tempo, elas preferem entrar na empreitada sozinhas, enquanto os homens d\u00e3o prefer\u00eancia \u00e0 abertura de neg\u00f3cios com algum s\u00f3cio para dividir a responsabilidade.<\/p>\n<p>Mercado formal<\/p>\n<p>De acordo com a pesquisa, o empreendedor, seja homem ou mulher, passa primeiro pelo mercado de trabalho antes de empreender. \u201cO empreendimento n\u00e3o \u00e9 uma quest\u00e3o circunstancial devido \u00e0 necessidade ou \u00e0 falta de oportunidade. Na verdade, \u00e9 a realiza\u00e7\u00e3o de um sonho. Ele teve oportunidade no mercado formal mas, ainda assim, quer empreender.\u201d Joana Siqueira ressaltou que muitos empreendedores, inclusive, continuam com o emprego formal e com o pr\u00f3prio neg\u00f3cio por algum tempo, at\u00e9 conseguir estabilidade.<\/p>\n<p>As jovens empreendedoras se sentem mais realizadas (48,3%) do que os homens (43,8%) e tamb\u00e9m do que as mulheres que n\u00e3o empreendem (20,5%). Entre os homens n\u00e3o empreendedores, o percentual de realiza\u00e7\u00e3o pessoal \u00e9 de 31,1%. \u201cDe fato, o empreendimento \u00e9 uma realiza\u00e7\u00e3o, uma conquista. Eles se sentem muito recompensados por isso. Mesmo diante de todas as dificuldades que encontram pelo caminho, eles se sentem mais plenos.\u201d<\/p>\n<p>Embora a maioria prefira ser a \u00fanica dona do neg\u00f3cio, a jovem empreendedora procura estabelecer redes de contato profissionais. \u00c9 uma quest\u00e3o marcante entre os empreendedores de forma geral. H\u00e1 mais gosto pelo networking e pela lideran\u00e7a. \u201cEles gostam de liderar e de estar \u00e0 frente das empreitadas e tarefas\u201d. O networking \u00e9 uma realidade para 90% das jovens empreendedoras e para 92% dos homens, mostra a pesquisa, que faz um recorte do levantamento Jovens Empres\u00e1rios Empreendedores. Foram entrevistados 5.681 jovens profissionais dos oito pa\u00edses, na mesma propor\u00e7\u00e3o entre homens e mulheres.<\/p>\n<p>Empoderamento<\/p>\n<p>Aos 23 anos, L\u00edvia Ressiguier decidiu largar o emprego em uma empresa da \u00e1rea de sa\u00fade e abrir o pr\u00f3prio neg\u00f3cio, em sociedade com a m\u00e3e, na Regi\u00e3o dos Lagos, no ramo de semijoias e acess\u00f3rios. \u201cO sonho da maioria dos jovens \u00e9 abrir o pr\u00f3prio neg\u00f3cio, ter hor\u00e1rio flex\u00edvel. A\u00ed, eu arrisquei nessa coisa de empreender\u201d, disse.<\/p>\n<p>Hoje, aos 37 anos, L\u00edvia tem duas lojas, em Araruama e Cabo Frio, que s\u00e3o tocadas pela m\u00e3e, e abriu uma empresa de revenda de bijuterias, em Niter\u00f3i, que vai completar quatro anos em julho. \u201c\u00c9 minha paix\u00e3o hoje. Sinto-me muito realizada com o que eu fa\u00e7o.\u201d<\/p>\n<p>A empres\u00e1ria oferece \u00e0s suas consultoras a revenda de semijoias como uma oportunidade de neg\u00f3cio. \u201cO meu foco \u00e9 trabalhar o empoderamento e o empreendedorismo feminino, fazer com que as nossas consultoras acreditem que qualquer pessoa, desde que tenha vontade e prepara\u00e7\u00e3o, pode empreender tanto na carreira como nos neg\u00f3cios\u201d. L\u00edvia tem atualmente 88 consultores \u2013 87 mulheres e um homem.<\/p>\n<p>Alana Gandra &#8211; Rep\u00f3rter da Ag\u00eancia Brasil<br \/>\nEdi\u00e7\u00e3o: Juliana Andrade<br \/>\n10\/03\/2017 <\/p>\n","protected":false},"excerpt":{"rendered":"<p>Pesquisa divulgada pela Federa\u00e7\u00e3o das Ind\u00fastrias do Estado do Rio de Janeiro (Firjan) revela que as jovens brasileiras na faixa et\u00e1ria de 25 a 35 anos, moradoras no Rio de Janeiro e em S\u00e3o Paulo, s\u00e3o as que mais querem empreender, comparativamente a capitais de quatro pa\u00edses (Madri, Londres, Berlim e Moscou) e tr\u00eas grandes [&hellip;]<\/p>\n","protected":false},"author":2,"featured_media":57583,"comment_status":"open","ping_status":"closed","sticky":false,"template":"","format":"standard","meta":{"_genesis_hide_title":false,"_genesis_hide_breadcrumbs":false,"_genesis_hide_singular_image":false,"_genesis_hide_footer_widgets":false,"_genesis_custom_body_class":"","_genesis_custom_post_class":"","_genesis_layout":"","_jetpack_memberships_contains_paid_content":false,"footnotes":""},"categories":[22,7],"tags":[],"class_list":{"0":"post-108629","1":"post","2":"type-post","3":"status-publish","4":"format-standard","5":"has-post-thumbnail","7":"category-brasil","8":"category-economia","9":"entry","10":"gs-1","11":"gs-odd","12":"gs-even","13":"gs-featured-content-entry"},"jetpack_featured_media_url":"https:\/\/www.redenoticia.com.br\/noticia\/imagens\/economia-grafico.jpg","jetpack_sharing_enabled":true,"jetpack_likes_enabled":true,"_links":{"self":[{"href":"https:\/\/www.redenoticia.com.br\/noticia\/wp-json\/wp\/v2\/posts\/108629","targetHints":{"allow":["GET"]}}],"collection":[{"href":"https:\/\/www.redenoticia.com.br\/noticia\/wp-json\/wp\/v2\/posts"}],"about":[{"href":"https:\/\/www.redenoticia.com.br\/noticia\/wp-json\/wp\/v2\/types\/post"}],"author":[{"embeddable":true,"href":"https:\/\/www.redenoticia.com.br\/noticia\/wp-json\/wp\/v2\/users\/2"}],"replies":[{"embeddable":true,"href":"https:\/\/www.redenoticia.com.br\/noticia\/wp-json\/wp\/v2\/comments?post=108629"}],"version-history":[{"count":0,"href":"https:\/\/www.redenoticia.com.br\/noticia\/wp-json\/wp\/v2\/posts\/108629\/revisions"}],"wp:featuredmedia":[{"embeddable":true,"href":"https:\/\/www.redenoticia.com.br\/noticia\/wp-json\/wp\/v2\/media\/57583"}],"wp:attachment":[{"href":"https:\/\/www.redenoticia.com.br\/noticia\/wp-json\/wp\/v2\/media?parent=108629"}],"wp:term":[{"taxonomy":"category","embeddable":true,"href":"https:\/\/www.redenoticia.com.br\/noticia\/wp-json\/wp\/v2\/categories?post=108629"},{"taxonomy":"post_tag","embeddable":true,"href":"https:\/\/www.redenoticia.com.br\/noticia\/wp-json\/wp\/v2\/tags?post=108629"}],"curies":[{"name":"wp","href":"https:\/\/api.w.org\/{rel}","templated":true}]}}