{"id":108625,"date":"2017-03-10T00:28:31","date_gmt":"2017-03-10T03:28:31","guid":{"rendered":"http:\/\/www.redenoticia.com.br\/noticia\/?p=108625"},"modified":"2017-03-09T15:30:26","modified_gmt":"2017-03-09T18:30:26","slug":"ipc-s-avanca-em-quatro-capitais-na-primeira-semana-de-marco","status":"publish","type":"post","link":"https:\/\/www.redenoticia.com.br\/noticia\/2017\/ipc-s-avanca-em-quatro-capitais-na-primeira-semana-de-marco\/108625","title":{"rendered":"IPC-S avan\u00e7a em quatro capitais na primeira semana de mar\u00e7o"},"content":{"rendered":"<p> A <strong><em>infla\u00e7\u00e3o<\/em><\/strong> medida pelo \u00cdndice de Pre\u00e7os ao Consumidor Semanal avan\u00e7ou em quatro das sete capitais pesquisadas pela Funda\u00e7\u00e3o Getulio Vargas (FGV) entre a \u00faltima semana de fevereiro e a primeira semana de mar\u00e7o. A maior alta foi observada em Belo Horizonte: 0,11 ponto percentual, ao passar de 0,22% para 0,33%.<\/p>\n<p>Outras capitais com alta na taxa foram S\u00e3o Paulo (0,08 ponto percentual, ao passar de 0,22% para 0,30%), Porto Alegre (0,07 ponto percentual, ao passar de 0,45% para 0,52%) e Recife (0,01 ponto percentual, ao passar de 0,19% para 0,20%).<\/p>\n<p>Tr\u00eas capitais tiveram queda na taxa: Rio de Janeiro (0,04 ponto percentual, ao passar de 0,27% para 0,23%), Bras\u00edlia (0,02 ponto percentual, ao passar de 0,16% para 0,14%) e Salvador (0,01 ponto percentual, ao passar de 0,64% para 0,63%).<\/p>\n<p>Vitor Abdala \u2013 Rep\u00f3rter da Ag\u00eancia Brasil<br \/>\nEdi\u00e7\u00e3o: Gra\u00e7a Adjuto<br \/>\n10\/03\/2017<br \/>\n&#8212;<br \/>\nCriada em 2007 para fortalecer o sistema p\u00fablico de comunica\u00e7\u00e3o, a EBC \u00e9 gestora da TV Brasil, TV Brasil Internacional, Ag\u00eancia Brasil, Radioag\u00eancia Nacional e do sistema p\u00fablico de R\u00e1dio, composto por oito emissoras: R\u00e1dio Nacional AM do Rio de Janeiro (1.130 KHz), R\u00e1dio Nacional AM de Bras\u00edlia (980 KHz), Nacional FM de Bras\u00edlia (96,1 MHz), R\u00e1dio MEC AM do Rio de Janeiro (800 KHz), MEC FM do Rio de Janeiro (99,3 MHz), R\u00e1dio Nacional da Amaz\u00f4nia OC (11.780 KHz e 6.180 KHz), R\u00e1dio Nacional AM do Alto Solim\u00f5es (670 KHz) e R\u00e1dio Nacional FM do Alto Solim\u00f5es (96.1 MHz). Por sua independ\u00eancia editorial, os ve\u00edculos p\u00fablicos distinguem-se dos canais estatais ou governamentais. A rede de emissoras produz conte\u00fados diferenciados que a singulariza por espelhar de maneira mais fidedigna a complexidade cultural brasileira, ocupando um espa\u00e7o complementar, n\u00e3o preenchido pelos canais privados.<\/p>\n","protected":false},"excerpt":{"rendered":"<p>A infla\u00e7\u00e3o medida pelo \u00cdndice de Pre\u00e7os ao Consumidor Semanal avan\u00e7ou em quatro das sete capitais pesquisadas pela Funda\u00e7\u00e3o Getulio Vargas (FGV) entre a \u00faltima semana de fevereiro e a primeira semana de mar\u00e7o. A maior alta foi observada em Belo Horizonte: 0,11 ponto percentual, ao passar de 0,22% para 0,33%. Outras capitais com alta [&hellip;]<\/p>\n","protected":false},"author":2,"featured_media":57584,"comment_status":"open","ping_status":"closed","sticky":false,"template":"","format":"standard","meta":{"_genesis_hide_title":false,"_genesis_hide_breadcrumbs":false,"_genesis_hide_singular_image":false,"_genesis_hide_footer_widgets":false,"_genesis_custom_body_class":"","_genesis_custom_post_class":"","_genesis_layout":"","_jetpack_memberships_contains_paid_content":false,"footnotes":""},"categories":[22,7],"tags":[],"class_list":{"0":"post-108625","1":"post","2":"type-post","3":"status-publish","4":"format-standard","5":"has-post-thumbnail","7":"category-brasil","8":"category-economia","9":"entry","10":"gs-1","11":"gs-odd","12":"gs-even","13":"gs-featured-content-entry"},"jetpack_featured_media_url":"https:\/\/www.redenoticia.com.br\/noticia\/imagens\/economia-grafica-analise-inflacao.jpg","jetpack_sharing_enabled":true,"jetpack_likes_enabled":true,"_links":{"self":[{"href":"https:\/\/www.redenoticia.com.br\/noticia\/wp-json\/wp\/v2\/posts\/108625","targetHints":{"allow":["GET"]}}],"collection":[{"href":"https:\/\/www.redenoticia.com.br\/noticia\/wp-json\/wp\/v2\/posts"}],"about":[{"href":"https:\/\/www.redenoticia.com.br\/noticia\/wp-json\/wp\/v2\/types\/post"}],"author":[{"embeddable":true,"href":"https:\/\/www.redenoticia.com.br\/noticia\/wp-json\/wp\/v2\/users\/2"}],"replies":[{"embeddable":true,"href":"https:\/\/www.redenoticia.com.br\/noticia\/wp-json\/wp\/v2\/comments?post=108625"}],"version-history":[{"count":0,"href":"https:\/\/www.redenoticia.com.br\/noticia\/wp-json\/wp\/v2\/posts\/108625\/revisions"}],"wp:featuredmedia":[{"embeddable":true,"href":"https:\/\/www.redenoticia.com.br\/noticia\/wp-json\/wp\/v2\/media\/57584"}],"wp:attachment":[{"href":"https:\/\/www.redenoticia.com.br\/noticia\/wp-json\/wp\/v2\/media?parent=108625"}],"wp:term":[{"taxonomy":"category","embeddable":true,"href":"https:\/\/www.redenoticia.com.br\/noticia\/wp-json\/wp\/v2\/categories?post=108625"},{"taxonomy":"post_tag","embeddable":true,"href":"https:\/\/www.redenoticia.com.br\/noticia\/wp-json\/wp\/v2\/tags?post=108625"}],"curies":[{"name":"wp","href":"https:\/\/api.w.org\/{rel}","templated":true}]}}