{"id":108590,"date":"2017-03-09T00:28:42","date_gmt":"2017-03-09T03:28:42","guid":{"rendered":"http:\/\/www.redenoticia.com.br\/noticia\/?p=108590"},"modified":"2017-03-08T20:30:02","modified_gmt":"2017-03-08T23:30:02","slug":"parceria-pretende-inserir-500-empresas-brasileiras-no-mercado-de-exportacao","status":"publish","type":"post","link":"https:\/\/www.redenoticia.com.br\/noticia\/2017\/parceria-pretende-inserir-500-empresas-brasileiras-no-mercado-de-exportacao\/108590","title":{"rendered":"Parceria pretende inserir 500 empresas brasileiras no mercado de exporta\u00e7\u00e3o"},"content":{"rendered":"<p> O Minist\u00e9rio da Ind\u00fastria, Com\u00e9rcio Exterior e Servi\u00e7os (MDIC) e a Confedera\u00e7\u00e3o Nacional da Ind\u00fastria (CNI) anunciaram uma parceria para apoiar a inser\u00e7\u00e3o de 500 empresas brasileiras no mercado internacional. O prazo de inscri\u00e7\u00e3o ser\u00e1 aberto em julho para ind\u00fastrias de todos os portes, setores e unidades da federa\u00e7\u00e3o. Elas far\u00e3o parte do <strong><em>programa Rota Global<\/em><\/strong>, que oferece consultoria completa para empresas n\u00e3o exportadoras investirem no mercado internacional, com diagn\u00f3stico, desenho de estrat\u00e9gia e acompanhamento.<\/p>\n<p> A meta \u00e9 tra\u00e7ar o diagn\u00f3stico de 500 empresas, desenvolver planos de neg\u00f3cios para 200 delas e, ao final do projeto, em 2018, ter ao menos 100 novas empresas com opera\u00e7\u00f5es concretas de exporta\u00e7\u00e3o. O programa \u00e9 desenvolvido pela CNI, em parceria com a Uni\u00e3o Industrial Argentina e o Parque Tecnol\u00f3gico de Extremadura, na Espanha.<\/p>\n<p>O investimento de R$ 1,2 milh\u00e3o da iniciativa vem do AL-Invest, um programa da Comiss\u00e3o Europeia para fomentar a produtividade e competitividade de micro, pequenas e m\u00e9dias empresas na Am\u00e9rica Latina, como forma de combater a pobreza e a desigualdade social.<\/p>\n<p>Presen\u00e7a digital<\/p>\n<p>Tamb\u00e9m foi anunciada a parceria entre o MDIC e o Banco Interamericano de Desenvolvimento (BID) para a\u00e7\u00f5es de converg\u00eancia entre o Plano Nacional da Cultura Exportadora (PNCE) e a , uma plataforma virtual de neg\u00f3cios internacionais de empresas da Am\u00e9rica Latina e Caribe. Em dois anos de opera\u00e7\u00e3o, mais de US$ 152 milh\u00f5es em neg\u00f3cios foram fechados por meio da ferramenta.<\/p>\n<p>A parceria MDIC-BID vai disponibilizar conte\u00fado did\u00e1tico sobre ingresso das empresas na atividade exportadora e estimular as empresas da ConnectAmericas.com a participarem do PNCE e vice-versa.<\/p>\n<p>Os an\u00fancios foram feitos hoje pelo ministro do MDIC, Marcos Pereira, durante reuni\u00e3o da Coordena\u00e7\u00e3o Nacional do PNCE. \u201cAs micro e pequenas empresas t\u00eam uma participa\u00e7\u00e3o importante na gera\u00e7\u00e3o de empregos e fomento da economia nacional. Mas n\u00e3o t\u00eam, pelo seu tamanho, uma condi\u00e7\u00e3o de competitividade. Vamos poder fazer consultorias, apresentar essas empresas de forma mais abrangente no cen\u00e1rio internacional, trein\u00e1-las e com isso conseguir vender seus produtos que muitas vezes ficam focados no mercado dom\u00e9stico\u201d, disse Pereira.<\/p>\n<p>O PNCE re\u00fane iniciativas de institui\u00e7\u00f5es parceiras nacionais e estaduais, com o objetivo de aumentar a base exportadora, estimulando a inser\u00e7\u00e3o de empresas de pequeno porte no mercado externo. Em 2016, o plano contribuiu para que quase 5 mil empresas exportassem pela primeira vez. E para 2017, est\u00e3o previstas mais de 200 a\u00e7\u00f5es de apoio \u00e0s exporta\u00e7\u00f5es no \u00e2mbito do PNCE.<\/p>\n<p>Andreia Verd\u00e9lio \u2013 Rep\u00f3rter da Ag\u00eancia Brasil<br \/>\nEdi\u00e7\u00e3o: Lidia Neves<br \/>\n09\/03\/2017 <\/p>\n","protected":false},"excerpt":{"rendered":"<p>O Minist\u00e9rio da Ind\u00fastria, Com\u00e9rcio Exterior e Servi\u00e7os (MDIC) e a Confedera\u00e7\u00e3o Nacional da Ind\u00fastria (CNI) anunciaram uma parceria para apoiar a inser\u00e7\u00e3o de 500 empresas brasileiras no mercado internacional. O prazo de inscri\u00e7\u00e3o ser\u00e1 aberto em julho para ind\u00fastrias de todos os portes, setores e unidades da federa\u00e7\u00e3o. Elas far\u00e3o parte do programa Rota [&hellip;]<\/p>\n","protected":false},"author":2,"featured_media":57583,"comment_status":"open","ping_status":"closed","sticky":false,"template":"","format":"standard","meta":{"_genesis_hide_title":false,"_genesis_hide_breadcrumbs":false,"_genesis_hide_singular_image":false,"_genesis_hide_footer_widgets":false,"_genesis_custom_body_class":"","_genesis_custom_post_class":"","_genesis_layout":"","_jetpack_memberships_contains_paid_content":false,"footnotes":""},"categories":[22,7],"tags":[],"class_list":{"0":"post-108590","1":"post","2":"type-post","3":"status-publish","4":"format-standard","5":"has-post-thumbnail","7":"category-brasil","8":"category-economia","9":"entry","10":"gs-1","11":"gs-odd","12":"gs-even","13":"gs-featured-content-entry"},"jetpack_featured_media_url":"https:\/\/www.redenoticia.com.br\/noticia\/imagens\/economia-grafico.jpg","jetpack_sharing_enabled":true,"jetpack_likes_enabled":true,"_links":{"self":[{"href":"https:\/\/www.redenoticia.com.br\/noticia\/wp-json\/wp\/v2\/posts\/108590","targetHints":{"allow":["GET"]}}],"collection":[{"href":"https:\/\/www.redenoticia.com.br\/noticia\/wp-json\/wp\/v2\/posts"}],"about":[{"href":"https:\/\/www.redenoticia.com.br\/noticia\/wp-json\/wp\/v2\/types\/post"}],"author":[{"embeddable":true,"href":"https:\/\/www.redenoticia.com.br\/noticia\/wp-json\/wp\/v2\/users\/2"}],"replies":[{"embeddable":true,"href":"https:\/\/www.redenoticia.com.br\/noticia\/wp-json\/wp\/v2\/comments?post=108590"}],"version-history":[{"count":0,"href":"https:\/\/www.redenoticia.com.br\/noticia\/wp-json\/wp\/v2\/posts\/108590\/revisions"}],"wp:featuredmedia":[{"embeddable":true,"href":"https:\/\/www.redenoticia.com.br\/noticia\/wp-json\/wp\/v2\/media\/57583"}],"wp:attachment":[{"href":"https:\/\/www.redenoticia.com.br\/noticia\/wp-json\/wp\/v2\/media?parent=108590"}],"wp:term":[{"taxonomy":"category","embeddable":true,"href":"https:\/\/www.redenoticia.com.br\/noticia\/wp-json\/wp\/v2\/categories?post=108590"},{"taxonomy":"post_tag","embeddable":true,"href":"https:\/\/www.redenoticia.com.br\/noticia\/wp-json\/wp\/v2\/tags?post=108590"}],"curies":[{"name":"wp","href":"https:\/\/api.w.org\/{rel}","templated":true}]}}