{"id":108588,"date":"2017-03-09T00:25:26","date_gmt":"2017-03-09T03:25:26","guid":{"rendered":"http:\/\/www.redenoticia.com.br\/noticia\/?p=108588"},"modified":"2017-03-08T20:28:37","modified_gmt":"2017-03-08T23:28:37","slug":"queda-dos-juros-e-da-inflacao-beneficia-a-industria-diz-ibge","status":"publish","type":"post","link":"https:\/\/www.redenoticia.com.br\/noticia\/2017\/queda-dos-juros-e-da-inflacao-beneficia-a-industria-diz-ibge\/108588","title":{"rendered":"Queda dos juros e da infla\u00e7\u00e3o beneficia a ind\u00fastria, diz IBGE"},"content":{"rendered":"<p> A redu\u00e7\u00e3o da taxa b\u00e1sica de juros e a queda da infla\u00e7\u00e3o ao longo 2016 ajudaram a ind\u00fastria a obter um <strong><em>resultado positivo na produ\u00e7\u00e3o<\/em><\/strong> de janeiro de 2017, na compara\u00e7\u00e3o com janeiro de 2016. A avalia\u00e7\u00e3o \u00e9 do gerente da Coordena\u00e7\u00e3o de Ind\u00fastria do Instituto Brasileiro de Geografia e Estat\u00edstica (IBGE), Andr\u00e9 Macedo. Ele aponta o desemprego como o principal obst\u00e1culo para a recupera\u00e7\u00e3o.<\/p>\n<p>&#8220;Um mercado de trabalho mais restrito e uma renda em patamares mais baixos s\u00e3o fatores que afetam o comportamento do consumo e da produ\u00e7\u00e3o&#8221;, disse. Tamb\u00e9m contribuiu a favor de janeiro na compara\u00e7\u00e3o interanual o fato de 2017 ter come\u00e7ado com 22 dias \u00fateis, dois a mais que janeiro de 2016.<\/p>\n<p>A Pesquisa Industrial Mensal aponta um crescimento de 1,4% em rela\u00e7\u00e3o a janeiro do ano passado. Contudo, se analisada a compara\u00e7\u00e3o com dezembro de 2016, houve queda de 0,1%.<\/p>\n<p>&#8220;A ind\u00fastria ainda opera em um patamar muito abaixo de per\u00edodos anteriores, mas o movimento de quedas em seq\u00fc\u00eancia, observado desde 2015, n\u00e3o vem ocorrendo nos \u00faltimos meses&#8221;, diz Macedo. Ele aponta que uma mudan\u00e7a de comportamento da produ\u00e7\u00e3o pode ser percebida nos indicadores de tend\u00eancia como, por exemplo, a m\u00e9dia m\u00f3vel trimestral.<\/p>\n<p>N\u00fameros explicam melhora da economia<\/p>\n<p>A m\u00e9dia trimestral da varia\u00e7\u00e3o da produ\u00e7\u00e3o subiu de 0,5% em dezembro, novembro e outubro de 2016 para 0,9% em janeiro, dezembro e novembro.<\/p>\n<p>O gerente da pesquisa pondera que, na compara\u00e7\u00e3o com dezembro, 12 dos 24 setores analisados e metade das categorias econ\u00f4micas ainda apresentaram queda em janeiro. Alguns deles, como a ind\u00fastria automob\u00edlistica, voltaram a cair depois de resultados positivos nos meses anteriores.<\/p>\n<p>Frente a janeiro do ano passado, no entanto, o resultado positivo foi &#8220;disseminado&#8221;, atingindo todas as categorias econ\u00f4micas (bens de capital, intermedi\u00e1rios e de consumo) e a maior parte das atividades industriais.<\/p>\n<p>A principal queda na compara\u00e7\u00e3o com o primeiro m\u00eas de 2016 foi no setor de coque, produtos derivados do petr\u00f3leo e biocombust\u00edveis, com recuo de 11,1% puxado pela redu\u00e7\u00e3o na produ\u00e7\u00e3o de \u00f3leo d\u00edesel. J\u00e1 a principal influ\u00eancia positiva veio das ind\u00fastrias extrativas, que cresceram 12,5%, impulsionadas por min\u00e9rio de ferro, \u00f3leos brutos de petr\u00f3leo e g\u00e1s natural.<\/p>\n<p>Vinicius Lisboa &#8211; Rep\u00f3rter da Ag\u00eancia Brasil<br \/>\nEdi\u00e7\u00e3o: Kleber Sampaio<br \/>\n09\/03\/2017<\/p>\n","protected":false},"excerpt":{"rendered":"<p>A redu\u00e7\u00e3o da taxa b\u00e1sica de juros e a queda da infla\u00e7\u00e3o ao longo 2016 ajudaram a ind\u00fastria a obter um resultado positivo na produ\u00e7\u00e3o de janeiro de 2017, na compara\u00e7\u00e3o com janeiro de 2016. A avalia\u00e7\u00e3o \u00e9 do gerente da Coordena\u00e7\u00e3o de Ind\u00fastria do Instituto Brasileiro de Geografia e Estat\u00edstica (IBGE), Andr\u00e9 Macedo. Ele [&hellip;]<\/p>\n","protected":false},"author":2,"featured_media":57584,"comment_status":"open","ping_status":"closed","sticky":false,"template":"","format":"standard","meta":{"_genesis_hide_title":false,"_genesis_hide_breadcrumbs":false,"_genesis_hide_singular_image":false,"_genesis_hide_footer_widgets":false,"_genesis_custom_body_class":"","_genesis_custom_post_class":"","_genesis_layout":"","_jetpack_memberships_contains_paid_content":false,"footnotes":""},"categories":[22,7],"tags":[],"class_list":{"0":"post-108588","1":"post","2":"type-post","3":"status-publish","4":"format-standard","5":"has-post-thumbnail","7":"category-brasil","8":"category-economia","9":"entry","10":"gs-1","11":"gs-odd","12":"gs-even","13":"gs-featured-content-entry"},"jetpack_featured_media_url":"https:\/\/www.redenoticia.com.br\/noticia\/imagens\/economia-grafica-analise-inflacao.jpg","jetpack_sharing_enabled":true,"jetpack_likes_enabled":true,"_links":{"self":[{"href":"https:\/\/www.redenoticia.com.br\/noticia\/wp-json\/wp\/v2\/posts\/108588","targetHints":{"allow":["GET"]}}],"collection":[{"href":"https:\/\/www.redenoticia.com.br\/noticia\/wp-json\/wp\/v2\/posts"}],"about":[{"href":"https:\/\/www.redenoticia.com.br\/noticia\/wp-json\/wp\/v2\/types\/post"}],"author":[{"embeddable":true,"href":"https:\/\/www.redenoticia.com.br\/noticia\/wp-json\/wp\/v2\/users\/2"}],"replies":[{"embeddable":true,"href":"https:\/\/www.redenoticia.com.br\/noticia\/wp-json\/wp\/v2\/comments?post=108588"}],"version-history":[{"count":0,"href":"https:\/\/www.redenoticia.com.br\/noticia\/wp-json\/wp\/v2\/posts\/108588\/revisions"}],"wp:featuredmedia":[{"embeddable":true,"href":"https:\/\/www.redenoticia.com.br\/noticia\/wp-json\/wp\/v2\/media\/57584"}],"wp:attachment":[{"href":"https:\/\/www.redenoticia.com.br\/noticia\/wp-json\/wp\/v2\/media?parent=108588"}],"wp:term":[{"taxonomy":"category","embeddable":true,"href":"https:\/\/www.redenoticia.com.br\/noticia\/wp-json\/wp\/v2\/categories?post=108588"},{"taxonomy":"post_tag","embeddable":true,"href":"https:\/\/www.redenoticia.com.br\/noticia\/wp-json\/wp\/v2\/tags?post=108588"}],"curies":[{"name":"wp","href":"https:\/\/api.w.org\/{rel}","templated":true}]}}