{"id":108586,"date":"2017-03-09T00:23:40","date_gmt":"2017-03-09T03:23:40","guid":{"rendered":"http:\/\/www.redenoticia.com.br\/noticia\/?p=108586"},"modified":"2017-03-08T20:25:21","modified_gmt":"2017-03-08T23:25:21","slug":"custo-de-vida-em-sao-paulo-cai-014-em-fevereiro-diz-dieese","status":"publish","type":"post","link":"https:\/\/www.redenoticia.com.br\/noticia\/2017\/custo-de-vida-em-sao-paulo-cai-014-em-fevereiro-diz-dieese\/108586","title":{"rendered":"Custo de vida em S\u00e3o Paulo cai 0,14% em fevereiro, diz Dieese"},"content":{"rendered":"<p> O <strong><em>\u00cdndice do Custo de Vida<\/em><\/strong> do munic\u00edpio de S\u00e3o Paulo registrou queda de 0,14% em fevereiro, na compara\u00e7\u00e3o com janeiro, segundo o Departamento Intersindical de Estat\u00edstica e Estudos Socioecon\u00f4micos (Dieese). Em 12 meses, entre mar\u00e7o de 2016 e fevereiro deste ano, a varia\u00e7\u00e3o acumulada foi 4,48%.<\/p>\n<p>As taxas foram negativas para todos os estratos de renda. A varia\u00e7\u00e3o foi -0,17% para o estrato 1, com renda mensal de R$ 377,49, e para o estrato 3, com renda m\u00e9dia de R$ 2.792,90. A taxa foi -0,08% para o estrato 2, com renda m\u00e9dia de R$ 934,17. Nos dois primeiros meses do ano, as varia\u00e7\u00f5es acumuladas foram mais altas para as fam\u00edlias com maiores rendas: 1\u00ba estrato 0,31%; 2\u00ba 0,71% e 3\u00ba estrato, 1,14%.<\/p>\n<p>Os grupos que apresentaram queda de valor foram transporte (-0,91%), vestu\u00e1rio (-0,70%), equipamento dom\u00e9stico (-0,57%), recrea\u00e7\u00e3o (-0,15%), alimenta\u00e7\u00e3o (-0,08%) e habita\u00e7\u00e3o (-0,08%). Quatro grupos registraram aumento nos pre\u00e7os: despesas diversas (0,50%), sa\u00fade (0,29%), despesas pessoais (0,10%) e educa\u00e7\u00e3o e leitura (0,09%).<\/p>\n<p>No acumulado dos dois primeiros meses do ano, apenas dois grupos registraram taxas superiores ao \u00edndice geral, de 0,90%: educa\u00e7\u00e3o e leitura (6,71%) e despesas diversas (3,82%). Menores varia\u00e7\u00f5es foram verificadas nos grupos recrea\u00e7\u00e3o (0,84%), habita\u00e7\u00e3o (0,81%), sa\u00fade (0,52%), despesas pessoais (0,42%), equipamento dom\u00e9stico (0,34%), alimenta\u00e7\u00e3o (0,18%), transporte (0,12%) e vestu\u00e1rio (-1,27%).<\/p>\n<p>Fernanda Cruz &#8211; Rep\u00f3rter da Ag\u00eancia Brasil<br \/>\nEdi\u00e7\u00e3o: Val\u00e9ria Aguiar<br \/>\n09\/03\/2017<\/p>\n","protected":false},"excerpt":{"rendered":"<p>O \u00cdndice do Custo de Vida do munic\u00edpio de S\u00e3o Paulo registrou queda de 0,14% em fevereiro, na compara\u00e7\u00e3o com janeiro, segundo o Departamento Intersindical de Estat\u00edstica e Estudos Socioecon\u00f4micos (Dieese). Em 12 meses, entre mar\u00e7o de 2016 e fevereiro deste ano, a varia\u00e7\u00e3o acumulada foi 4,48%. As taxas foram negativas para todos os estratos [&hellip;]<\/p>\n","protected":false},"author":2,"featured_media":38938,"comment_status":"open","ping_status":"closed","sticky":false,"template":"","format":"standard","meta":{"_genesis_hide_title":false,"_genesis_hide_breadcrumbs":false,"_genesis_hide_singular_image":false,"_genesis_hide_footer_widgets":false,"_genesis_custom_body_class":"","_genesis_custom_post_class":"","_genesis_layout":"","_jetpack_memberships_contains_paid_content":false,"footnotes":""},"categories":[22,7],"tags":[],"class_list":{"0":"post-108586","1":"post","2":"type-post","3":"status-publish","4":"format-standard","5":"has-post-thumbnail","7":"category-brasil","8":"category-economia","9":"entry","10":"gs-1","11":"gs-odd","12":"gs-even","13":"gs-featured-content-entry"},"jetpack_featured_media_url":"https:\/\/www.redenoticia.com.br\/noticia\/imagens\/economia1.jpg","jetpack_sharing_enabled":true,"jetpack_likes_enabled":true,"_links":{"self":[{"href":"https:\/\/www.redenoticia.com.br\/noticia\/wp-json\/wp\/v2\/posts\/108586","targetHints":{"allow":["GET"]}}],"collection":[{"href":"https:\/\/www.redenoticia.com.br\/noticia\/wp-json\/wp\/v2\/posts"}],"about":[{"href":"https:\/\/www.redenoticia.com.br\/noticia\/wp-json\/wp\/v2\/types\/post"}],"author":[{"embeddable":true,"href":"https:\/\/www.redenoticia.com.br\/noticia\/wp-json\/wp\/v2\/users\/2"}],"replies":[{"embeddable":true,"href":"https:\/\/www.redenoticia.com.br\/noticia\/wp-json\/wp\/v2\/comments?post=108586"}],"version-history":[{"count":0,"href":"https:\/\/www.redenoticia.com.br\/noticia\/wp-json\/wp\/v2\/posts\/108586\/revisions"}],"wp:featuredmedia":[{"embeddable":true,"href":"https:\/\/www.redenoticia.com.br\/noticia\/wp-json\/wp\/v2\/media\/38938"}],"wp:attachment":[{"href":"https:\/\/www.redenoticia.com.br\/noticia\/wp-json\/wp\/v2\/media?parent=108586"}],"wp:term":[{"taxonomy":"category","embeddable":true,"href":"https:\/\/www.redenoticia.com.br\/noticia\/wp-json\/wp\/v2\/categories?post=108586"},{"taxonomy":"post_tag","embeddable":true,"href":"https:\/\/www.redenoticia.com.br\/noticia\/wp-json\/wp\/v2\/tags?post=108586"}],"curies":[{"name":"wp","href":"https:\/\/api.w.org\/{rel}","templated":true}]}}