{"id":108584,"date":"2017-03-09T00:22:33","date_gmt":"2017-03-09T03:22:33","guid":{"rendered":"http:\/\/www.redenoticia.com.br\/noticia\/?p=108584"},"modified":"2017-03-08T20:23:29","modified_gmt":"2017-03-08T23:23:29","slug":"producao-industrial-volta-a-subir-apos-34-meses-de-queda","status":"publish","type":"post","link":"https:\/\/www.redenoticia.com.br\/noticia\/2017\/producao-industrial-volta-a-subir-apos-34-meses-de-queda\/108584","title":{"rendered":"Produ\u00e7\u00e3o industrial volta a subir ap\u00f3s 34 meses de queda"},"content":{"rendered":"<p> A <strong><em>produ\u00e7\u00e3o industrial<\/em><\/strong> do Brasil come\u00e7ou 2017 com alta mensal em rela\u00e7\u00e3o aos mesmos dias do ano anterior, ap\u00f3s 34 meses consecutivos de queda. Os dados foram divulgados no Rio de Janeiro, pelo Instituto Brasileiro de Geografia e Estat\u00edstica (IBGE), e mostram que a produ\u00e7\u00e3o cresceu 1,4% em janeiro de 2017 em rela\u00e7\u00e3o a janeiro de 2016, mas caiu 0,1% em rela\u00e7\u00e3o a dezembro de 2016.<\/p>\n<p>Em 12 meses, a produ\u00e7\u00e3o industrial acumula uma retra\u00e7\u00e3o de 5,4%, varia\u00e7\u00e3o negativa que vem perdendo intensidade desde junho de 2016, quando chegou a -9,7%. Nos \u00faltimos dois meses de 2016, a produ\u00e7\u00e3o havia acumulado alta de 2,9%. O resultado fez com que a m\u00e9dia m\u00f3vel trimestral de outubro, novembro e dezembro de 2016 apontasse expans\u00e3o de 0,5% da produ\u00e7\u00e3o. Com os dados divulgados hoje, a m\u00e9dia dos resultados de novembro e dezembro de 2016 e janeiro de 2017 subiu para 0,9%.<\/p>\n<p>Mais n\u00fameros da pesquisa<\/p>\n<p>Dos 24 ramos industriais pesquisados pelo IBGE, metade aumentou a produ\u00e7\u00e3o, e metade diminuiu. A ind\u00fastria de ve\u00edculos automotores, reboques e carrocerias interrompeu dois meses seguidos de alta e caiu 10,7% em janeiro, na compara\u00e7\u00e3o com dezembro de 2016. Tamb\u00e9m haviam crescido em dezembro e ca\u00edram em janeiro os equipamentos de inform\u00e1tica, produtos eletr\u00f4nicos e \u00f3pticos, com recuo de 12,5%, e m\u00e1quinas e equipamentos, com uma produ\u00e7\u00e3o 4,9% menor.<\/p>\n<p>Por outro lado, o IBGE considera que houve altas importantes para a taxa global na ind\u00fastria de coque, produtos derivados do petr\u00f3leo e biocombust\u00edveis, com expans\u00e3o de 4%, e nos produtos farmoqu\u00edmicos e farmac\u00eauticos (21,6%). Os dois setores anotaram quedas nos meses anteriores.<br \/>\nOs produtos aliment\u00edcios tiveram alta de 1,2%, as bebidas subiram 5,5% e a ind\u00fastria extrativa, 1,1%.<\/p>\n<p>Categorias econ\u00f4micas<\/p>\n<p>A an\u00e1lise da produ\u00e7\u00e3o por categoria econ\u00f4mica mostra que os bens de capital usados na produ\u00e7\u00e3o voltaram a cair ap\u00f3s dois meses de alta. Em rela\u00e7\u00e3o a dezembro de 2016, houve recuo de 4,1%.<\/p>\n<p>Os bens de consumo dur\u00e1veis intensificaram a queda de 3,8% veridicada em dezembro e ca\u00edram 7,3% em janeiro. Os bens de consumo semi e n\u00e3o dur\u00e1veis avan\u00e7aram 3,1% em janeiro, e os intermedi\u00e1rios, 0,7%. Ambos j\u00e1 acumulavam expans\u00f5es h\u00e1 pelo menos dois meses.<\/p>\n<p>Vinicius Lisboa &#8211; Rep\u00f3rter da Ag\u00eancia Brasil<br \/>\nEdi\u00e7\u00e3o: Kleber Sampaio<br \/>\n09\/03\/2017<\/p>\n","protected":false},"excerpt":{"rendered":"<p>A produ\u00e7\u00e3o industrial do Brasil come\u00e7ou 2017 com alta mensal em rela\u00e7\u00e3o aos mesmos dias do ano anterior, ap\u00f3s 34 meses consecutivos de queda. Os dados foram divulgados no Rio de Janeiro, pelo Instituto Brasileiro de Geografia e Estat\u00edstica (IBGE), e mostram que a produ\u00e7\u00e3o cresceu 1,4% em janeiro de 2017 em rela\u00e7\u00e3o a janeiro [&hellip;]<\/p>\n","protected":false},"author":2,"featured_media":57585,"comment_status":"open","ping_status":"closed","sticky":false,"template":"","format":"standard","meta":{"_genesis_hide_title":false,"_genesis_hide_breadcrumbs":false,"_genesis_hide_singular_image":false,"_genesis_hide_footer_widgets":false,"_genesis_custom_body_class":"","_genesis_custom_post_class":"","_genesis_layout":"","_jetpack_memberships_contains_paid_content":false,"footnotes":""},"categories":[22,7],"tags":[],"class_list":{"0":"post-108584","1":"post","2":"type-post","3":"status-publish","4":"format-standard","5":"has-post-thumbnail","7":"category-brasil","8":"category-economia","9":"entry","10":"gs-1","11":"gs-odd","12":"gs-even","13":"gs-featured-content-entry"},"jetpack_featured_media_url":"https:\/\/www.redenoticia.com.br\/noticia\/imagens\/analise-economia.jpg","jetpack_sharing_enabled":true,"jetpack_likes_enabled":true,"_links":{"self":[{"href":"https:\/\/www.redenoticia.com.br\/noticia\/wp-json\/wp\/v2\/posts\/108584","targetHints":{"allow":["GET"]}}],"collection":[{"href":"https:\/\/www.redenoticia.com.br\/noticia\/wp-json\/wp\/v2\/posts"}],"about":[{"href":"https:\/\/www.redenoticia.com.br\/noticia\/wp-json\/wp\/v2\/types\/post"}],"author":[{"embeddable":true,"href":"https:\/\/www.redenoticia.com.br\/noticia\/wp-json\/wp\/v2\/users\/2"}],"replies":[{"embeddable":true,"href":"https:\/\/www.redenoticia.com.br\/noticia\/wp-json\/wp\/v2\/comments?post=108584"}],"version-history":[{"count":0,"href":"https:\/\/www.redenoticia.com.br\/noticia\/wp-json\/wp\/v2\/posts\/108584\/revisions"}],"wp:featuredmedia":[{"embeddable":true,"href":"https:\/\/www.redenoticia.com.br\/noticia\/wp-json\/wp\/v2\/media\/57585"}],"wp:attachment":[{"href":"https:\/\/www.redenoticia.com.br\/noticia\/wp-json\/wp\/v2\/media?parent=108584"}],"wp:term":[{"taxonomy":"category","embeddable":true,"href":"https:\/\/www.redenoticia.com.br\/noticia\/wp-json\/wp\/v2\/categories?post=108584"},{"taxonomy":"post_tag","embeddable":true,"href":"https:\/\/www.redenoticia.com.br\/noticia\/wp-json\/wp\/v2\/tags?post=108584"}],"curies":[{"name":"wp","href":"https:\/\/api.w.org\/{rel}","templated":true}]}}