{"id":108436,"date":"2017-03-08T00:24:41","date_gmt":"2017-03-08T03:24:41","guid":{"rendered":"http:\/\/www.redenoticia.com.br\/noticia\/?p=108436"},"modified":"2017-03-07T15:25:29","modified_gmt":"2017-03-07T18:25:29","slug":"desemprego-atinge-183-das-mulheres-e-155-dos-homens-em-sao-paulo","status":"publish","type":"post","link":"https:\/\/www.redenoticia.com.br\/noticia\/2017\/desemprego-atinge-183-das-mulheres-e-155-dos-homens-em-sao-paulo\/108436","title":{"rendered":"Desemprego atinge 18,3% das mulheres e 15,5% dos homens em S\u00e3o Paulo"},"content":{"rendered":"<p> As mulheres continuam a sofrer mais do que os homens com o <strong><em>desemprego<\/em><\/strong> do que os homens na Regi\u00e3o Metropolitana de S\u00e3o Paulo. Embora a falta de postos de trabalho atinja ambos os sexos pelo terceiro ano consecutivo, para elas, a taxa de desocupa\u00e7\u00e3o passou de 14,3%, em 2015, para 18,3%, em 2016, a mais alta desde 2007. Entre os homens, a taxa passou de 12,2% para 15,5%, a maior desde 2005.<\/p>\n<p>Os dados abordam a inser\u00e7\u00e3o da mulher no mercado de trabalho e comp\u00f5em a Pesquisa de Emprego e Desemprego na Regi\u00e3o Metropolitana de S\u00e3o Paulo (PED-RMSP), realizada pelo Departamento Intersindical de Estat\u00edstica e Estudos Socioecon\u00f4micos (DIEESE), Funda\u00e7\u00e3o Sistema Estadual de An\u00e1lise de Dados (Seade) e parceiros regionais.<\/p>\n<p> As mulheres representam um pouco mais da metade do total de desempregados da Regi\u00e3o Metropolitana de S\u00e3o Paulo (51,1%, em 2016), segundo a pesquisa. A taxa de desemprego das mulheres \u00e9, tradicionalmente, superior \u00e0 dos homens. A diferen\u00e7a entre os segmentos em 2016 foi de 2,8 pontos porcentuais e voltou a crescer. Em 2015. foi de 2,1 pontos percentuais.<\/p>\n<p>Maioria no mercado<\/p>\n<p>A pesquisa mostrou tamb\u00e9m que a presen\u00e7a de mulheres no mercado de trabalho permanece praticamente est\u00e1vel, entre 2015 e 2016, ao passar de 55,4% para 55,3%. Segundo a pesquisa, essa taxa vem mostrando poucas altera\u00e7\u00f5es nos \u00faltimos anos, ap\u00f3s crescimento observado principalmente na d\u00e9cada de 1990. O comportamento da taxa de participa\u00e7\u00e3o das mulheres foi diferenciado segundo atributos pessoais, destacando-se o aumento de participa\u00e7\u00e3o de mulheres casadas, de n\u00e3o negras e de jovens de 16 a 24 anos.<\/p>\n<p>O n\u00edvel de ocupa\u00e7\u00e3o diminuiu em todos os setores de atividade, assim como a formaliza\u00e7\u00e3o do trabalho. A queda foi verificada na Constru\u00e7\u00e3o (-15,0%), Ind\u00fastria de Transforma\u00e7\u00e3o (-11,2%), Com\u00e9rcio, Repara\u00e7\u00e3o de Ve\u00edculos Automotores e Motocicletas (-6,0%) e Servi\u00e7os (-1,9%).<\/p>\n<p>No setor de Servi\u00e7os, que emprega 71,7% do total das mulheres ocupadas, grande parte dos segmentos analisados tiveram retra\u00e7\u00e3o, exceto os de Transporte, Armazenagem e Correio, que aumentou 16,0%, e de Servi\u00e7os dom\u00e9sticos, com eleva\u00e7\u00e3o de 3,4%. Esse ramo apresentou forte decl\u00ednio em seu n\u00edvel ocupacional nas \u00faltimas duas d\u00e9cadas, mas ainda \u00e9 um importante empregador de m\u00e3o de obra feminina (respons\u00e1vel por 14,1% do total de ocupadas), principalmente em momentos de baixo ou nenhum crescimento econ\u00f4mico.<\/p>\n<p>A pesquisa ainda revelou que em 2016 o rendimento m\u00e9dio real por hora diminuiu: a hora de trabalho das mulheres equivale a 84,1% da dos homens. Ano passado, o rendimento m\u00e9dio real das mulheres ocupadas na Regi\u00e3o Metropolitana de S\u00e3o Paulo equivalia a R$ 1.695, enquanto o dos homens, a R$ 2.281.<\/p>\n<p>Ludmilla Souza \u2013 Rep\u00f3rter da Ag\u00eancia Brasil<br \/>\nEdi\u00e7\u00e3o: Lidia Neves<br \/>\n08\/03\/2017<\/p>\n","protected":false},"excerpt":{"rendered":"<p>As mulheres continuam a sofrer mais do que os homens com o desemprego do que os homens na Regi\u00e3o Metropolitana de S\u00e3o Paulo. Embora a falta de postos de trabalho atinja ambos os sexos pelo terceiro ano consecutivo, para elas, a taxa de desocupa\u00e7\u00e3o passou de 14,3%, em 2015, para 18,3%, em 2016, a mais [&hellip;]<\/p>\n","protected":false},"author":2,"featured_media":57583,"comment_status":"open","ping_status":"closed","sticky":false,"template":"","format":"standard","meta":{"_genesis_hide_title":false,"_genesis_hide_breadcrumbs":false,"_genesis_hide_singular_image":false,"_genesis_hide_footer_widgets":false,"_genesis_custom_body_class":"","_genesis_custom_post_class":"","_genesis_layout":"","_jetpack_memberships_contains_paid_content":false,"footnotes":""},"categories":[22,7],"tags":[],"class_list":{"0":"post-108436","1":"post","2":"type-post","3":"status-publish","4":"format-standard","5":"has-post-thumbnail","7":"category-brasil","8":"category-economia","9":"entry","10":"gs-1","11":"gs-odd","12":"gs-even","13":"gs-featured-content-entry"},"jetpack_featured_media_url":"https:\/\/www.redenoticia.com.br\/noticia\/imagens\/economia-grafico.jpg","jetpack_sharing_enabled":true,"jetpack_likes_enabled":true,"_links":{"self":[{"href":"https:\/\/www.redenoticia.com.br\/noticia\/wp-json\/wp\/v2\/posts\/108436","targetHints":{"allow":["GET"]}}],"collection":[{"href":"https:\/\/www.redenoticia.com.br\/noticia\/wp-json\/wp\/v2\/posts"}],"about":[{"href":"https:\/\/www.redenoticia.com.br\/noticia\/wp-json\/wp\/v2\/types\/post"}],"author":[{"embeddable":true,"href":"https:\/\/www.redenoticia.com.br\/noticia\/wp-json\/wp\/v2\/users\/2"}],"replies":[{"embeddable":true,"href":"https:\/\/www.redenoticia.com.br\/noticia\/wp-json\/wp\/v2\/comments?post=108436"}],"version-history":[{"count":0,"href":"https:\/\/www.redenoticia.com.br\/noticia\/wp-json\/wp\/v2\/posts\/108436\/revisions"}],"wp:featuredmedia":[{"embeddable":true,"href":"https:\/\/www.redenoticia.com.br\/noticia\/wp-json\/wp\/v2\/media\/57583"}],"wp:attachment":[{"href":"https:\/\/www.redenoticia.com.br\/noticia\/wp-json\/wp\/v2\/media?parent=108436"}],"wp:term":[{"taxonomy":"category","embeddable":true,"href":"https:\/\/www.redenoticia.com.br\/noticia\/wp-json\/wp\/v2\/categories?post=108436"},{"taxonomy":"post_tag","embeddable":true,"href":"https:\/\/www.redenoticia.com.br\/noticia\/wp-json\/wp\/v2\/tags?post=108436"}],"curies":[{"name":"wp","href":"https:\/\/api.w.org\/{rel}","templated":true}]}}